{"id":44705,"date":"2023-03-16T10:20:22","date_gmt":"2023-03-16T13:20:22","guid":{"rendered":"https:\/\/www.paranapraia.com.br\/?p=44705"},"modified":"2023-03-16T10:20:23","modified_gmt":"2023-03-16T13:20:23","slug":"com-300-mm-de-chuvas-em-cinco-dias-der-pr-fecha-momentaneamente-a-graciosa","status":"publish","type":"post","link":"https:\/\/www.paranapraia.com.br\/index.php\/2023\/03\/16\/com-300-mm-de-chuvas-em-cinco-dias-der-pr-fecha-momentaneamente-a-graciosa\/","title":{"rendered":"Com 300 mm de chuvas em cinco dias, DER-PR fecha momentaneamente a Graciosa"},"content":{"rendered":"\n<p>O Departamento de Estradas de Rodagem do Paran\u00e1 (DER\/PR) informa que a Estrada da Graciosa (PR-410) foi fechada novamente nesta quarta-feira (15), devido ao acumulado de chuva registrado nos \u00faltimos dias.<\/p>\n\n\n\n<p>A medida tem car\u00e1ter preventivo, visando garantir a seguran\u00e7a de usu\u00e1rios da via, uma vez que os recentes escorregamentos de terra foram registrados em ocasi\u00f5es semelhantes.As condi\u00e7\u00f5es clim\u00e1ticas, bem como as condi\u00e7\u00f5es da faixa de dom\u00ednio da Graciosa, permanecem sendo monitoradas pelo DER\/PR. <\/p>\n\n\n\n<p>O tr\u00e1fego ser\u00e1 liberado novamente assim que for determinado que n\u00e3o h\u00e1 riscos de danos a quem trafega na regi\u00e3o.A decis\u00e3o foi tomada com base em an\u00e1lises geot\u00e9cnicas e pluviom\u00e9tricas do trecho, tendo sido registrado um ac\u00famulo de 300 mm de chuva no local das obras nos \u00faltimos cinco dias.<\/p>\n\n\n\n<p>OBRAS \u2013 A rodovia est\u00e1 em obras ap\u00f3s ser atingida por escorregamentos de terra no final do ano passado e tamb\u00e9m em janeiro. Foram registrados danos inicialmente no km 7, km 8 e km 12, e depois tamb\u00e9m no km 11.A perspectiva do DER\/PR \u00e9 de concluir a maioria dos servi\u00e7os de conten\u00e7\u00e3o at\u00e9 maio, com as condi\u00e7\u00f5es clim\u00e1ticas podendo prolongar esse prazo.<\/p>\n\n\n\n<p><\/p>\n","protected":false},"excerpt":{"rendered":"<p>O Departamento de Estradas de Rodagem do Paran\u00e1 (DER\/PR) informa que a Estrada da Graciosa (PR-410) foi fechada novamente nesta quarta-feira (15), devido ao acumulado de chuva registrado nos \u00faltimos dias. A medida tem car\u00e1ter preventivo, visando garantir a seguran\u00e7a de usu\u00e1rios da via, uma vez que os recentes escorregamentos de terra foram registrados em [&hellip;]<\/p>\n","protected":false},"author":2,"featured_media":44707,"comment_status":"open","ping_status":"open","sticky":false,"template":"","format":"standard","meta":{"advanced_seo_description":"","jetpack_seo_html_title":"","jetpack_seo_noindex":false,"_jetpack_memberships_contains_paid_content":false,"footnotes":""},"categories":[40],"tags":[],"class_list":{"0":"post-44705","1":"post","2":"type-post","3":"status-publish","4":"format-standard","5":"has-post-thumbnail","7":"category-destaques"},"jetpack_featured_media_url":"https:\/\/www.paranapraia.com.br\/wp-content\/uploads\/2023\/03\/whatsapp_image_2023-03-15_at_19.00.05_1.jpg","jetpack_sharing_enabled":true,"_links":{"self":[{"href":"https:\/\/www.paranapraia.com.br\/index.php\/wp-json\/wp\/v2\/posts\/44705"}],"collection":[{"href":"https:\/\/www.paranapraia.com.br\/index.php\/wp-json\/wp\/v2\/posts"}],"about":[{"href":"https:\/\/www.paranapraia.com.br\/index.php\/wp-json\/wp\/v2\/types\/post"}],"author":[{"embeddable":true,"href":"https:\/\/www.paranapraia.com.br\/index.php\/wp-json\/wp\/v2\/users\/2"}],"replies":[{"embeddable":true,"href":"https:\/\/www.paranapraia.com.br\/index.php\/wp-json\/wp\/v2\/comments?post=44705"}],"version-history":[{"count":1,"href":"https:\/\/www.paranapraia.com.br\/index.php\/wp-json\/wp\/v2\/posts\/44705\/revisions"}],"predecessor-version":[{"id":44708,"href":"https:\/\/www.paranapraia.com.br\/index.php\/wp-json\/wp\/v2\/posts\/44705\/revisions\/44708"}],"wp:featuredmedia":[{"embeddable":true,"href":"https:\/\/www.paranapraia.com.br\/index.php\/wp-json\/wp\/v2\/media\/44707"}],"wp:attachment":[{"href":"https:\/\/www.paranapraia.com.br\/index.php\/wp-json\/wp\/v2\/media?parent=44705"}],"wp:term":[{"taxonomy":"category","embeddable":true,"href":"https:\/\/www.paranapraia.com.br\/index.php\/wp-json\/wp\/v2\/categories?post=44705"},{"taxonomy":"post_tag","embeddable":true,"href":"https:\/\/www.paranapraia.com.br\/index.php\/wp-json\/wp\/v2\/tags?post=44705"}],"curies":[{"name":"wp","href":"https:\/\/api.w.org\/{rel}","templated":true}]}}