{"id":44701,"date":"2023-03-15T14:30:28","date_gmt":"2023-03-15T17:30:28","guid":{"rendered":"https:\/\/www.paranapraia.com.br\/?p=44701"},"modified":"2023-03-15T14:30:29","modified_gmt":"2023-03-15T17:30:29","slug":"pr-090-em-campo-largo-esta-interditada-devido-a-novo-escorregamento-de-terra","status":"publish","type":"post","link":"https:\/\/www.paranapraia.com.br\/index.php\/2023\/03\/15\/pr-090-em-campo-largo-esta-interditada-devido-a-novo-escorregamento-de-terra\/","title":{"rendered":"PR-090, em Campo Largo, est\u00e1 interditada devido a novo escorregamento de terra"},"content":{"rendered":"\n<p>O Departamento de Estradas de Rodagem do Paran\u00e1 (DER\/PR) informa que a PR-090 est\u00e1 interditada devido a novo escorregamento de terra na altura do km 44+500, em trecho n\u00e3o pavimentado, ap\u00f3s Bateias, distrito de Campo Largo, na Regi\u00e3o Metropolitana de Curitiba.<\/p>\n\n\n\n<p>O talude de corte da rodovia voltou a ceder ap\u00f3s as chuvas dos \u00faltimos dias, com terra, rochas e vegeta\u00e7\u00e3o ocupando a pista. Devido ao grande volume de material, o DER\/PR decidiu interditar a rodovia no trecho, para servi\u00e7os de remo\u00e7\u00e3o e depois reconforma\u00e7\u00e3o do talude danificado.<\/p>\n\n\n\n<p>A Superintend\u00eancia Regional Leste do DER\/PR est\u00e1 mobilizando maquin\u00e1rio e pessoal para iniciar os servi\u00e7os o mais breve poss\u00edvel. Devido \u00e0s condi\u00e7\u00f5es clim\u00e1ticas n\u00e3o favor\u00e1veis, os trabalhos ser\u00e3o feitos com grande cautela, garantindo a seguran\u00e7a dos envolvidos.<\/p>\n\n\n\n<p>Nova informa\u00e7\u00e3o ser\u00e1 divulgada assim que for poss\u00edvel retomar o tr\u00e1fego de ve\u00edculos. Como rota alternativa, o DER\/PR sugere a PR-151 e BR-376.<\/p>\n\n\n\n<p><strong>CHUVAS<\/strong>&nbsp;\u2013 O DER\/PR j\u00e1 havia realizado servi\u00e7os no mesmo local na semana passada, quando foi poss\u00edvel manter a rodovia parcialmente aberta, mas devido ao dano maior registrado nesta quarta-feira (15) optou pela interdi\u00e7\u00e3o total.<\/p>\n\n\n\n<p>Durante os per\u00edodos de chuvas o DER\/PR recomenda aos usu\u00e1rios que evitem utilizar as rodovias de revestimento prim\u00e1rio devido aos riscos de escorregamentos e baixa visibilidade, exceto em caso de extrema necessidades.<\/p>\n\n\n\n<p>AEN<\/p>\n","protected":false},"excerpt":{"rendered":"<p>O Departamento de Estradas de Rodagem do Paran\u00e1 (DER\/PR) informa que a PR-090 est\u00e1 interditada devido a novo escorregamento de terra na altura do km 44+500, em trecho n\u00e3o pavimentado, ap\u00f3s Bateias, distrito de Campo Largo, na Regi\u00e3o Metropolitana de Curitiba. O talude de corte da rodovia voltou a ceder ap\u00f3s as chuvas dos \u00faltimos [&hellip;]<\/p>\n","protected":false},"author":2,"featured_media":44702,"comment_status":"open","ping_status":"open","sticky":false,"template":"","format":"standard","meta":{"advanced_seo_description":"","jetpack_seo_html_title":"","jetpack_seo_noindex":false,"_jetpack_memberships_contains_paid_content":false,"footnotes":""},"categories":[42],"tags":[],"class_list":{"0":"post-44701","1":"post","2":"type-post","3":"status-publish","4":"format-standard","5":"has-post-thumbnail","7":"category-cidades"},"jetpack_featured_media_url":"https:\/\/www.paranapraia.com.br\/wp-content\/uploads\/2023\/03\/pr-090_km_44500_novo_escorregamento_03.jpg","jetpack_sharing_enabled":true,"_links":{"self":[{"href":"https:\/\/www.paranapraia.com.br\/index.php\/wp-json\/wp\/v2\/posts\/44701"}],"collection":[{"href":"https:\/\/www.paranapraia.com.br\/index.php\/wp-json\/wp\/v2\/posts"}],"about":[{"href":"https:\/\/www.paranapraia.com.br\/index.php\/wp-json\/wp\/v2\/types\/post"}],"author":[{"embeddable":true,"href":"https:\/\/www.paranapraia.com.br\/index.php\/wp-json\/wp\/v2\/users\/2"}],"replies":[{"embeddable":true,"href":"https:\/\/www.paranapraia.com.br\/index.php\/wp-json\/wp\/v2\/comments?post=44701"}],"version-history":[{"count":1,"href":"https:\/\/www.paranapraia.com.br\/index.php\/wp-json\/wp\/v2\/posts\/44701\/revisions"}],"predecessor-version":[{"id":44703,"href":"https:\/\/www.paranapraia.com.br\/index.php\/wp-json\/wp\/v2\/posts\/44701\/revisions\/44703"}],"wp:featuredmedia":[{"embeddable":true,"href":"https:\/\/www.paranapraia.com.br\/index.php\/wp-json\/wp\/v2\/media\/44702"}],"wp:attachment":[{"href":"https:\/\/www.paranapraia.com.br\/index.php\/wp-json\/wp\/v2\/media?parent=44701"}],"wp:term":[{"taxonomy":"category","embeddable":true,"href":"https:\/\/www.paranapraia.com.br\/index.php\/wp-json\/wp\/v2\/categories?post=44701"},{"taxonomy":"post_tag","embeddable":true,"href":"https:\/\/www.paranapraia.com.br\/index.php\/wp-json\/wp\/v2\/tags?post=44701"}],"curies":[{"name":"wp","href":"https:\/\/api.w.org\/{rel}","templated":true}]}}