{"id":44698,"date":"2023-03-15T13:07:22","date_gmt":"2023-03-15T16:07:22","guid":{"rendered":"https:\/\/www.paranapraia.com.br\/?p=44698"},"modified":"2023-03-15T13:07:22","modified_gmt":"2023-03-15T16:07:22","slug":"com-maioria-paranaense-estado-apresenta-perfil-dos-turistas-do-litoral-na-temporada","status":"publish","type":"post","link":"https:\/\/www.paranapraia.com.br\/index.php\/2023\/03\/15\/com-maioria-paranaense-estado-apresenta-perfil-dos-turistas-do-litoral-na-temporada\/","title":{"rendered":"Com maioria paranaense, Estado apresenta perfil dos turistas do Litoral na temporada"},"content":{"rendered":"\n<p>A Secretaria do Turismo do Paran\u00e1 (Setu-PR) apresentou nesta quarta-feira (15) alguns resultados da temporada de ver\u00e3o no Litoral.&nbsp;A pasta fez uma sondagem nos munic\u00edpios durante a temporada do Ver\u00e3o Maior Paran\u00e1 com o objetivo de identificar o perfil dos visitantes.<\/p>\n\n\n\n<p>A coleta dos dados ocorreu entre os dias 1\u00ba e 30 de janeiro, envolvendo 3 mil pessoas e resultou em uma amostra final de 2.776 entrevistas respondidas pelo p\u00fablico que foi at\u00e9 os postos de informa\u00e7\u00f5es tur\u00edsticas de Guaratuba, Matinhos e Pontal do Paran\u00e1 e \u00e0s estruturas de informa\u00e7\u00f5es tur\u00edsticas itinerantes em Antonina, Morretes e Paranagu\u00e1.<\/p>\n\n\n\n<p>De acordo com a pesquisa, a maioria dos visitantes do Litoral foi do pr\u00f3prio Paran\u00e1 (87,9%) e 11% de outros estados, principalmente de S\u00e3o Paulo, Santa Catarina e Mato Grosso do Sul. J\u00e1 os turistas internacionais representam 1% do total, origin\u00e1rios principalmente da Argentina e do Paraguai.<\/p>\n\n\n\n<p>A maioria deles permaneceu no Litoral entre cinco a sete pernoites (28,2%), enquanto 18,2% ficaram entre tr\u00eas e quatro noites, 15,9% entre oito e dez noites e 10% ficaram apenas um dia (excursionistas). Guaratuba foi o principal destino: 37,6% dos visitantes pernoitaram no munic\u00edpio, ante 34,2% em Pontal do Paran\u00e1 e 23,7% em Matinhos.<\/p>\n\n\n\n<p>O levantamento traz tamb\u00e9m uma avalia\u00e7\u00e3o da infraestrutura tur\u00edstica. Entretenimento (87,6%), com\u00e9rcio (86,4%) e seguran\u00e7a (88,2%) foram os principais destaques. Cerca de&nbsp;37,2% ficaram em casa pr\u00f3pria,&nbsp;26,8% em im\u00f3vel alugado e&nbsp;14,7% em im\u00f3vel de parentes ou amigos. A sondagem ainda afirma que&nbsp;85,3% j\u00e1 conheciam o Litoral do Paran\u00e1.<\/p>\n\n\n\n<p>\u201cO objetivo foi avaliar o turismo receptivo na regi\u00e3o, buscando entender os h\u00e1bitos de viagem das pessoas que visitam o Paran\u00e1, bem como os pontos positivos e aqueles em que a estrutura precisa melhorar. A ideia \u00e9 que os resultados auxiliem na elabora\u00e7\u00e3o de estrat\u00e9gias para melhorar a experi\u00eancia nos atrativos tur\u00edsticos do Estado. Obviamente que o levantamento deve ser realizado com frequ\u00eancia, para podermos monitorar e medir os resultados\u201d, explica o secret\u00e1rio Marcio Nunes.<\/p>\n\n\n\n<p><strong>INTELIG\u00caNCIA TUR\u00cdSTICA&nbsp;<\/strong>\u2013 A nova estrutura da Secretaria incorporou uma coordena\u00e7\u00e3o de Intelig\u00eancia e Estrat\u00e9gia Tur\u00edstica, que tem a miss\u00e3o de reunir e analisar dados locais e globais atualizados sobre os segmentos tur\u00edsticos, dando maior seguran\u00e7a e velocidade ao processo de tomada de decis\u00e3o.<\/p>\n\n\n\n<p>Esse mapeamento \u00e9 um resultado dessa estrat\u00e9gia. Os pr\u00f3ximos a serem divulgados trar\u00e3o dados sobre os visitantes dos principais atrativos tur\u00edsticos; monitoramento do Cadastur (o cadastro tur\u00edstico do governo federal); monitoramento dos empregos e estabelecimento tur\u00edsticos; e, por fim, o monitoramento do tr\u00e1fego a\u00e9reo.<\/p>\n\n\n\n<p>\u201cNossa miss\u00e3o \u00e9 n\u00e3o apenas reunir os dados, mas estrutur\u00e1-los, agreg\u00e1-los e analis\u00e1-los corretamente para que possam nortear a condu\u00e7\u00e3o de pol\u00edticas de intelig\u00eancia mercadol\u00f3gica e competitiva no turismo paranaense, alinhando expectativas, estabelecendo n\u00edveis de intera\u00e7\u00e3o com parceiros estrat\u00e9gicos, com estados e munic\u00edpios, al\u00e9m de profissionais e empreendimentos do setor\u201d, disse o diretor de Gest\u00e3o, Sustentabilidade e Intelig\u00eancia Tur\u00edstica da Secretaria de Turismo, Marcelo Martini.<\/p>\n\n\n\n<p>AEN<\/p>\n","protected":false},"excerpt":{"rendered":"<p>A Secretaria do Turismo do Paran\u00e1 (Setu-PR) apresentou nesta quarta-feira (15) alguns resultados da temporada de ver\u00e3o no Litoral.&nbsp;A pasta fez uma sondagem nos munic\u00edpios durante a temporada do Ver\u00e3o Maior Paran\u00e1 com o objetivo de identificar o perfil dos visitantes. A coleta dos dados ocorreu entre os dias 1\u00ba e 30 de janeiro, envolvendo [&hellip;]<\/p>\n","protected":false},"author":2,"featured_media":44699,"comment_status":"open","ping_status":"open","sticky":false,"template":"","format":"standard","meta":{"advanced_seo_description":"","jetpack_seo_html_title":"","jetpack_seo_noindex":false,"_jetpack_memberships_contains_paid_content":false,"footnotes":""},"categories":[40],"tags":[],"class_list":{"0":"post-44698","1":"post","2":"type-post","3":"status-publish","4":"format-standard","5":"has-post-thumbnail","7":"category-destaques"},"jetpack_featured_media_url":"https:\/\/www.paranapraia.com.br\/wp-content\/uploads\/2023\/03\/dji_fly_20230105_151816_573_1672942879788_photo_optimized_0-scaled.jpg","jetpack_sharing_enabled":true,"_links":{"self":[{"href":"https:\/\/www.paranapraia.com.br\/index.php\/wp-json\/wp\/v2\/posts\/44698"}],"collection":[{"href":"https:\/\/www.paranapraia.com.br\/index.php\/wp-json\/wp\/v2\/posts"}],"about":[{"href":"https:\/\/www.paranapraia.com.br\/index.php\/wp-json\/wp\/v2\/types\/post"}],"author":[{"embeddable":true,"href":"https:\/\/www.paranapraia.com.br\/index.php\/wp-json\/wp\/v2\/users\/2"}],"replies":[{"embeddable":true,"href":"https:\/\/www.paranapraia.com.br\/index.php\/wp-json\/wp\/v2\/comments?post=44698"}],"version-history":[{"count":1,"href":"https:\/\/www.paranapraia.com.br\/index.php\/wp-json\/wp\/v2\/posts\/44698\/revisions"}],"predecessor-version":[{"id":44700,"href":"https:\/\/www.paranapraia.com.br\/index.php\/wp-json\/wp\/v2\/posts\/44698\/revisions\/44700"}],"wp:featuredmedia":[{"embeddable":true,"href":"https:\/\/www.paranapraia.com.br\/index.php\/wp-json\/wp\/v2\/media\/44699"}],"wp:attachment":[{"href":"https:\/\/www.paranapraia.com.br\/index.php\/wp-json\/wp\/v2\/media?parent=44698"}],"wp:term":[{"taxonomy":"category","embeddable":true,"href":"https:\/\/www.paranapraia.com.br\/index.php\/wp-json\/wp\/v2\/categories?post=44698"},{"taxonomy":"post_tag","embeddable":true,"href":"https:\/\/www.paranapraia.com.br\/index.php\/wp-json\/wp\/v2\/tags?post=44698"}],"curies":[{"name":"wp","href":"https:\/\/api.w.org\/{rel}","templated":true}]}}