{"id":44695,"date":"2023-03-15T12:31:55","date_gmt":"2023-03-15T15:31:55","guid":{"rendered":"https:\/\/www.paranapraia.com.br\/?p=44695"},"modified":"2023-03-15T12:31:56","modified_gmt":"2023-03-15T15:31:56","slug":"parana-distribui-vacinas-contra-a-covid-19-nesta-quarta-e-iniciara-reforco-do-publico-de-5-a-11-anos","status":"publish","type":"post","link":"https:\/\/www.paranapraia.com.br\/index.php\/2023\/03\/15\/parana-distribui-vacinas-contra-a-covid-19-nesta-quarta-e-iniciara-reforco-do-publico-de-5-a-11-anos\/","title":{"rendered":"Paran\u00e1 distribui vacinas contra a Covid-19 nesta quarta e iniciar\u00e1 refor\u00e7o do p\u00fablico de 5 a 11 anos"},"content":{"rendered":"\n<p>A Secretaria de Estado da Sa\u00fade (Sesa) iniciou nesta quarta-feira (15) a distribui\u00e7\u00e3o para as 22 Regionais de Sa\u00fade das vacinas Pfizer pedi\u00e1trica, baby e bivalente contra a Covid-19. Com a descentraliza\u00e7\u00e3o, o Paran\u00e1 iniciar\u00e1 nos pr\u00f3ximos dias a aplica\u00e7\u00e3o da dose de refor\u00e7o para o p\u00fablico de 5 a 11 anos. Anteriormente, essa dose era autorizada apenas para os adultos e adolescentes.<\/p>\n\n\n\n<p>A orienta\u00e7\u00e3o para aplica\u00e7\u00e3o do refor\u00e7o nas crian\u00e7as foi oficializada em janeiro pelo Minist\u00e9rio da Sa\u00fade (MS), por meio da nota t\u00e9cnica n\u00b0 406\/2022. Na ocasi\u00e3o, a Sesa orientou que os munic\u00edpios que possu\u00edam estoques suficientes dessa vacina j\u00e1 poderiam aplic\u00e1-la nesse p\u00fablico.<\/p>\n\n\n\n<p>\u201cPoucos munic\u00edpios conseguiram de fato iniciar essa aplica\u00e7\u00e3o por conta da escassez de doses. Com essa nova entrega por parte do MS, a Sesa orienta e alerta sobre a import\u00e2ncia em manter o esquema vacinal completo para evitar complica\u00e7\u00f5es, hospitaliza\u00e7\u00f5es e mortes causadas pela Covid-19\u201d, alertou o secret\u00e1rio de Sa\u00fade, C\u00e9sar Neves.<\/p>\n\n\n\n<p>O refor\u00e7o \u00e9 recomendado para as crian\u00e7as de 5 a 11 anos que receberam o esquema vacinal inicial com a Pfizer pedi\u00e1trica e tamb\u00e9m com a Coronavac. Em ambos os casos, a dose de refor\u00e7o dever\u00e1 ser feita exclusivamente com a vacina Pfizer pedi\u00e1trica ap\u00f3s um intervalo m\u00ednimo de quatro meses ap\u00f3s a segunda dose (D2).<\/p>\n\n\n\n<p><strong>DISTRIBUI\u00c7\u00c3O<\/strong>&nbsp;&#8211; Seguindo a estrat\u00e9gia de vacina\u00e7\u00e3o do Programa Nacional de Imuniza\u00e7\u00f5es (PNI), a distribui\u00e7\u00e3o contempla 187.420 doses pedi\u00e1tricas, sendo que outras 66.530 ficaram armazenadas no Centro de Medicamento do Paran\u00e1 (Cemepar), em Curitiba, para completude do esquema vacinal (D2).<\/p>\n\n\n\n<p>No caso dos imunizantes bivalentes, s\u00e3o 87.840 doses direcionadas ao p\u00fablico da fase 1 (idosos acima de 70 anos, pessoas que vivem em institui\u00e7\u00f5es de longa perman\u00eancia (ILP) e trabalhadores dessas institui\u00e7\u00f5es; imunocomprometidos; comunidades ind\u00edgenas, ribeirinhas e quilombolas);<\/p>\n\n\n\n<p>Tamb\u00e9m ser\u00e3o descentralizadas 66.670 doses da Pfizer Baby para inicio do esquema vacinal (D1) de crian\u00e7as de 6 meses a 4 anos de idade.<\/p>\n\n\n\n<p>AEN<\/p>\n","protected":false},"excerpt":{"rendered":"<p>A Secretaria de Estado da Sa\u00fade (Sesa) iniciou nesta quarta-feira (15) a distribui\u00e7\u00e3o para as 22 Regionais de Sa\u00fade das vacinas Pfizer pedi\u00e1trica, baby e bivalente contra a Covid-19. Com a descentraliza\u00e7\u00e3o, o Paran\u00e1 iniciar\u00e1 nos pr\u00f3ximos dias a aplica\u00e7\u00e3o da dose de refor\u00e7o para o p\u00fablico de 5 a 11 anos. Anteriormente, essa dose [&hellip;]<\/p>\n","protected":false},"author":2,"featured_media":44696,"comment_status":"open","ping_status":"open","sticky":false,"template":"","format":"standard","meta":{"advanced_seo_description":"","jetpack_seo_html_title":"","jetpack_seo_noindex":false,"_jetpack_memberships_contains_paid_content":false,"footnotes":""},"categories":[50],"tags":[],"class_list":{"0":"post-44695","1":"post","2":"type-post","3":"status-publish","4":"format-standard","5":"has-post-thumbnail","7":"category-saude"},"jetpack_featured_media_url":"https:\/\/www.paranapraia.com.br\/wp-content\/uploads\/2023\/03\/20220114_agb_chegada_vacina-14.jpg","jetpack_sharing_enabled":true,"_links":{"self":[{"href":"https:\/\/www.paranapraia.com.br\/index.php\/wp-json\/wp\/v2\/posts\/44695"}],"collection":[{"href":"https:\/\/www.paranapraia.com.br\/index.php\/wp-json\/wp\/v2\/posts"}],"about":[{"href":"https:\/\/www.paranapraia.com.br\/index.php\/wp-json\/wp\/v2\/types\/post"}],"author":[{"embeddable":true,"href":"https:\/\/www.paranapraia.com.br\/index.php\/wp-json\/wp\/v2\/users\/2"}],"replies":[{"embeddable":true,"href":"https:\/\/www.paranapraia.com.br\/index.php\/wp-json\/wp\/v2\/comments?post=44695"}],"version-history":[{"count":1,"href":"https:\/\/www.paranapraia.com.br\/index.php\/wp-json\/wp\/v2\/posts\/44695\/revisions"}],"predecessor-version":[{"id":44697,"href":"https:\/\/www.paranapraia.com.br\/index.php\/wp-json\/wp\/v2\/posts\/44695\/revisions\/44697"}],"wp:featuredmedia":[{"embeddable":true,"href":"https:\/\/www.paranapraia.com.br\/index.php\/wp-json\/wp\/v2\/media\/44696"}],"wp:attachment":[{"href":"https:\/\/www.paranapraia.com.br\/index.php\/wp-json\/wp\/v2\/media?parent=44695"}],"wp:term":[{"taxonomy":"category","embeddable":true,"href":"https:\/\/www.paranapraia.com.br\/index.php\/wp-json\/wp\/v2\/categories?post=44695"},{"taxonomy":"post_tag","embeddable":true,"href":"https:\/\/www.paranapraia.com.br\/index.php\/wp-json\/wp\/v2\/tags?post=44695"}],"curies":[{"name":"wp","href":"https:\/\/api.w.org\/{rel}","templated":true}]}}