{"id":44379,"date":"2023-03-03T13:33:05","date_gmt":"2023-03-03T16:33:05","guid":{"rendered":"https:\/\/www.paranapraia.com.br\/?p=44379"},"modified":"2023-03-03T13:33:06","modified_gmt":"2023-03-03T16:33:06","slug":"ganhando-o-mundo-para-intercambio-de-lingua-inglesa-ja-tem-mais-de-54-mil-inscritos","status":"publish","type":"post","link":"https:\/\/www.paranapraia.com.br\/index.php\/2023\/03\/03\/ganhando-o-mundo-para-intercambio-de-lingua-inglesa-ja-tem-mais-de-54-mil-inscritos\/","title":{"rendered":"Ganhando o Mundo para interc\u00e2mbio de l\u00edngua inglesa j\u00e1 tem mais de 5,4 mil inscritos"},"content":{"rendered":"\n<p>Mais de 5,4 mil estudantes da rede estadual de ensino j\u00e1 se inscreveram para participar da terceira edi\u00e7\u00e3o do programa de interc\u00e2mbio Ganhando o Mundo (<strong><a rel=\"noreferrer noopener\" href=\"https:\/\/www.educacao.pr.gov.br\/sites\/default\/arquivos_restritos\/files\/documento\/2022-11\/edital_722022_gsseed_ganhando_mundo.pdf\" target=\"_blank\">edital n\u00ba 72\/2022<\/a><\/strong>), que cresceu e vai levar mil alunos para cinco pa\u00edses de l\u00edngua inglesa: Austr\u00e1lia, Canad\u00e1, Estados Unidos, Inglaterra e Nova Zel\u00e2ndia. No ano passado, 200 estudantes participaram: 100 foram para o Canad\u00e1 no primeiro semestre e 100 para a Nova Zel\u00e2ndia no segundo.<\/p>\n\n\n\n<figure class=\"wp-block-gallery columns-1 is-cropped wp-block-gallery-1 is-layout-flex wp-block-gallery-is-layout-flex\"><ul class=\"blocks-gallery-grid\"><li class=\"blocks-gallery-item\"><figure><img loading=\"lazy\" decoding=\"async\" width=\"1024\" height=\"683\" src=\"https:\/\/www.paranapraia.com.br\/wp-content\/uploads\/2023\/03\/juliana_2-1024x683.jpg\" alt=\"\" data-id=\"44381\" data-full-url=\"https:\/\/www.paranapraia.com.br\/wp-content\/uploads\/2023\/03\/juliana_2.jpg\" data-link=\"https:\/\/www.paranapraia.com.br\/?attachment_id=44381\" class=\"wp-image-44381\" srcset=\"https:\/\/www.paranapraia.com.br\/wp-content\/uploads\/2023\/03\/juliana_2-1024x683.jpg 1024w, https:\/\/www.paranapraia.com.br\/wp-content\/uploads\/2023\/03\/juliana_2-300x200.jpg 300w, https:\/\/www.paranapraia.com.br\/wp-content\/uploads\/2023\/03\/juliana_2-768x512.jpg 768w, https:\/\/www.paranapraia.com.br\/wp-content\/uploads\/2023\/03\/juliana_2-696x464.jpg 696w, https:\/\/www.paranapraia.com.br\/wp-content\/uploads\/2023\/03\/juliana_2-1068x712.jpg 1068w, https:\/\/www.paranapraia.com.br\/wp-content\/uploads\/2023\/03\/juliana_2-630x420.jpg 630w, https:\/\/www.paranapraia.com.br\/wp-content\/uploads\/2023\/03\/juliana_2.jpg 1350w\" sizes=\"(max-width: 1024px) 100vw, 1024px\" \/><figcaption class=\"blocks-gallery-item__caption\">Juliana Lisa Nishitani, de Quatigu\u00e1, foi para a Nova Zel\u00e2ndia no segundo semestre de 2022<\/figcaption><\/figure><\/li><li class=\"blocks-gallery-item\"><figure><img loading=\"lazy\" decoding=\"async\" width=\"1024\" height=\"683\" src=\"https:\/\/www.paranapraia.com.br\/wp-content\/uploads\/2023\/03\/juliana_3-1024x683.jpg\" alt=\"\" data-id=\"44382\" data-full-url=\"https:\/\/www.paranapraia.com.br\/wp-content\/uploads\/2023\/03\/juliana_3.jpg\" data-link=\"https:\/\/www.paranapraia.com.br\/?attachment_id=44382\" class=\"wp-image-44382\" srcset=\"https:\/\/www.paranapraia.com.br\/wp-content\/uploads\/2023\/03\/juliana_3-1024x683.jpg 1024w, https:\/\/www.paranapraia.com.br\/wp-content\/uploads\/2023\/03\/juliana_3-300x200.jpg 300w, https:\/\/www.paranapraia.com.br\/wp-content\/uploads\/2023\/03\/juliana_3-768x512.jpg 768w, https:\/\/www.paranapraia.com.br\/wp-content\/uploads\/2023\/03\/juliana_3-696x464.jpg 696w, https:\/\/www.paranapraia.com.br\/wp-content\/uploads\/2023\/03\/juliana_3-1068x712.jpg 1068w, https:\/\/www.paranapraia.com.br\/wp-content\/uploads\/2023\/03\/juliana_3-630x420.jpg 630w, https:\/\/www.paranapraia.com.br\/wp-content\/uploads\/2023\/03\/juliana_3.jpg 1492w\" sizes=\"(max-width: 1024px) 100vw, 1024px\" \/><figcaption class=\"blocks-gallery-item__caption\">Juliana Lisa Nishitani, de Quatigu\u00e1, foi para a Nova Zel\u00e2ndia no segundo semestre de 2022<\/figcaption><\/figure><\/li><\/ul><\/figure>\n\n\n\n<p>Est\u00e3o aptos a participar os estudantes matriculados na primeira s\u00e9rie do ensino m\u00e9dio no ano letivo de 2023 e que cursaram do 6\u00b0 ao 9\u00b0 ano do ensino fundamental na rede p\u00fablica do Estado. As inscri\u00e7\u00f5es seguem at\u00e9 31 de maio de 2023, pela&nbsp;<strong><a href=\"https:\/\/www.areadoaluno.seed.pr.gov.br\/servicosaoaluno\/pages\/publico\/login.jsf;jsessionid=ljFi47aiGnihdjzqKPp5GliuVuuOe8Erv7yIOamT.sseed75003?dswid=2603\" target=\"_blank\" rel=\"noreferrer noopener\">\u00c1rea do Aluno<\/a>,<\/strong>&nbsp;e o embarque est\u00e1 previsto para o in\u00edcio de 2024.<\/p>\n\n\n\n<p>\u201cAmpliamos esse programa a pedido do Governo do Estado, pois ele abre as portas do mundo para os nossos estudantes. Tivemos uma resposta muito boa dos intercambistas no ano passado e, por isso, desta vez, o programa vai levar estudantes de todos os 399 munic\u00edpios do Paran\u00e1\u201d, explica o secret\u00e1rio estadual da Educa\u00e7\u00e3o, Roni Miranda.<\/p>\n\n\n\n<p>\u201cFoi uma experi\u00eancia \u00fanica e incr\u00edvel. Tive oportunidade de conhecer um novo idioma, um novo pa\u00eds, novas pessoas, uma cultura totalmente diferente. Vale muito a pena. A gente aprende muita coisa. Al\u00e9m do ingl\u00eas, a gente aprende a ser mais independente, \u00e9 uma experi\u00eancia para a vida toda. Para os alunos do primeiro ano do ensino m\u00e9dio, se inscrevam, n\u00e3o percam essa oportunidade, essa chance que eu tive\u201d, destaca a estudante Juliana Lisa Nishitani, do Col\u00e9gio Estadual Jo\u00e3o M. da Silveira, em Quatigu\u00e1, no Norte Pioneiro, que foi para a Nova Zel\u00e2ndia.<\/p>\n\n\n\n<p><strong>VAGAS&nbsp;<\/strong>\u2013 Das mil vagas ofertadas, 399 est\u00e3o reservadas para os estudantes que obtiverem a maior nota de classifica\u00e7\u00e3o em cada munic\u00edpio do Estado. Outras 100 vagas s\u00e3o destinadas exclusivamente a estudantes benefici\u00e1rios do programa Bolsa Fam\u00edlia, independentemente do munic\u00edpio a que perten\u00e7am.<\/p>\n\n\n\n<p>J\u00e1 as demais 501 vagas ser\u00e3o distribu\u00eddas proporcionalmente aos munic\u00edpios que possuem n\u00famero igual ou superior a 100 matr\u00edculas no 9\u00ba ano do ensino fundamental na data de elabora\u00e7\u00e3o do edital (em novembro\/22).<\/p>\n\n\n\n<p>Curitiba, por exemplo, ter\u00e1 58 vagas desse total, seguida por Londrina (20), S\u00e3o Jos\u00e9 dos Pinhais (17), Ponta Grossa (16), Cascavel (15), Maring\u00e1 (14), Foz do Igua\u00e7u (13), Colombo (12) e Guarapuava (9). O n\u00famero exato de vagas para cada munic\u00edpio pode ser conferido no<strong>&nbsp;<a href=\"https:\/\/www.educacao.pr.gov.br\/sites\/default\/arquivos_restritos\/files\/documento\/2022-11\/edital_722022_gsseed_ganhando_mundo.pdf\" target=\"_blank\" rel=\"noreferrer noopener\">edital<\/a><\/strong>.&nbsp;<\/p>\n\n\n\n<p>Ao fazer a inscri\u00e7\u00e3o online pela \u00c1rea do Aluno, o estudante dever\u00e1 informar nome completo, RG, CPF, C\u00f3digo Geral de Matr\u00edcula (CGM), e-mail (@escola), telefone de contato e dados do seu col\u00e9gio. \u00c9 obrigat\u00f3rio que tanto o estudante quanto o respons\u00e1vel declarem ci\u00eancia de que leram e concordam com a inscri\u00e7\u00e3o e as regras do processo seletivo.<\/p>\n\n\n\n<p>A inscri\u00e7\u00e3o ser\u00e1 para o programa como um todo, n\u00e3o sendo poss\u00edvel o estudante escolher o pa\u00eds de destino \u2013 essa indica\u00e7\u00e3o ser\u00e1 feita pela Secretaria da Educa\u00e7\u00e3o, bem como a distribui\u00e7\u00e3o do n\u00famero exato de vagas para cada pa\u00eds.<\/p>\n\n\n\n<p><strong>CRIT\u00c9RIOS&nbsp;<\/strong>\u2013A nota de classifica\u00e7\u00e3o para selecionar os estudantes vai considerar tr\u00eas itens: a nota padronizada obtida pelo estudante na Prova Paran\u00e1 Mais, realizada entre 25\/10\/22 e 03\/11\/22; o n\u00famero de certificados obtidos pelo estudante na plataforma Ingl\u00eas Paran\u00e1 e os certificados de participa\u00e7\u00e3o como Aluno Monitor na escola em que o estudante estiver matriculado.<\/p>\n\n\n\n<p>A Prova Paran\u00e1 Mais em 2022 ter\u00e1 peso 70 na nota de classifica\u00e7\u00e3o. J\u00e1 o Ingl\u00eas Paran\u00e1 e o Aluno Monitor ter\u00e3o peso 15 cada um na pontua\u00e7\u00e3o total (100).<\/p>\n\n\n\n<p>Para os estudantes que n\u00e3o os t\u00eam, ainda h\u00e1 tempo para conseguir os certificados do Ingl\u00eas Paran\u00e1 e do Aluno Monitor para aumentar as chances de ser selecionado \u2013 \u00e9 poss\u00edvel se inscrever mesmo sem certificados dos programas, embora eles valham para a pontua\u00e7\u00e3o (confira&nbsp;<a href=\"https:\/\/www.educacao.pr.gov.br\/Noticia\/Ganhando-o-Mundo-para-intercambio-de-lingua-inglesa-tem-mais-de-54-mil-estudantes-inscritos#FAQ\" target=\"_blank\" rel=\"noreferrer noopener\">neste FAQ<\/a>&nbsp;mais detalhes sobre os programas e seus certificados).<\/p>\n\n\n\n<p>Al\u00e9m dos crit\u00e9rios de classifica\u00e7\u00e3o (Prova Paran\u00e1 Mais, Ingl\u00eas Paran\u00e1 e Aluno Monitor), o estudante precisa cumprir alguns requisitos para ter sua inscri\u00e7\u00e3o validada: ter cursado do 6\u00ba ao 9\u00ba ano do Ensino Fundamental em uma institui\u00e7\u00e3o de ensino da rede p\u00fablica estadual do Paran\u00e1; ter m\u00e9dias iguais ou superiores a 7,0 e frequ\u00eancia igual ou superior a 85% em cada uma das disciplinas da matriz curricular (em 2022); ter sido regularmente matriculado no 9\u00ba ano na rede p\u00fablica estadual do Paran\u00e1 em 2022 e estar matriculado e cursar a 1\u00aa s\u00e9rie do Ensino M\u00e9dio na rede estadual em 2023.<\/p>\n\n\n\n<p>Na data do embarque ao Exterior, tamb\u00e9m \u00e9 preciso ter idade m\u00ednima de 14 e m\u00e1xima de 17 anos e seis meses.<\/p>\n\n\n\n<p><strong>GANHANDO O MUNDO<\/strong>&nbsp;\u2013O programa de interc\u00e2mbio foi criado para possibilitar a amplia\u00e7\u00e3o do repert\u00f3rio cultural e acad\u00eamico dos estudantes, permitir sua viv\u00eancia e experi\u00eancia na realidade de outros pa\u00edses, consolidar uma rede de jovens l\u00edderes que atuar\u00e3o nas escolas da rede p\u00fablica estadual de ensino do Paran\u00e1, al\u00e9m de potencializar o desenvolvimento da autonomia e aperfei\u00e7oar o dom\u00ednio da l\u00edngua inglesa.&nbsp;<\/p>\n\n\n\n<p>Os custos de alimenta\u00e7\u00e3o, hospedagem, transporte, emiss\u00e3o de vistos e passaportes, passagens a\u00e9reas e terrestres, exames m\u00e9dicos, vacinas, seguro viagem e sa\u00fade, taxa de matr\u00edcula, mensalidade da escola no Exterior, material did\u00e1tico, uniforme, tradu\u00e7\u00e3o juramentada da documenta\u00e7\u00e3o escolar, reuni\u00f5es de orienta\u00e7\u00e3o, assim como o curso preparat\u00f3rio de l\u00edngua estrangeira, s\u00e3o custeados pela Seed-PR. Os alunos tamb\u00e9m recebem um aux\u00edlio de R$ 800 mensais.<\/p>\n\n\n\n<p>AEN<\/p>\n","protected":false},"excerpt":{"rendered":"<p>Mais de 5,4 mil estudantes da rede estadual de ensino j\u00e1 se inscreveram para participar da terceira edi\u00e7\u00e3o do programa de interc\u00e2mbio Ganhando o Mundo (edital n\u00ba 72\/2022), que cresceu e vai levar mil alunos para cinco pa\u00edses de l\u00edngua inglesa: Austr\u00e1lia, Canad\u00e1, Estados Unidos, Inglaterra e Nova Zel\u00e2ndia. No ano passado, 200 estudantes participaram: [&hellip;]<\/p>\n","protected":false},"author":2,"featured_media":44380,"comment_status":"open","ping_status":"open","sticky":false,"template":"","format":"standard","meta":{"advanced_seo_description":"","jetpack_seo_html_title":"","jetpack_seo_noindex":false,"_jetpack_memberships_contains_paid_content":false,"footnotes":""},"categories":[40],"tags":[],"class_list":{"0":"post-44379","1":"post","2":"type-post","3":"status-publish","4":"format-standard","5":"has-post-thumbnail","7":"category-destaques"},"jetpack_featured_media_url":"https:\/\/www.paranapraia.com.br\/wp-content\/uploads\/2023\/03\/juliana.jpg","jetpack_sharing_enabled":true,"_links":{"self":[{"href":"https:\/\/www.paranapraia.com.br\/index.php\/wp-json\/wp\/v2\/posts\/44379"}],"collection":[{"href":"https:\/\/www.paranapraia.com.br\/index.php\/wp-json\/wp\/v2\/posts"}],"about":[{"href":"https:\/\/www.paranapraia.com.br\/index.php\/wp-json\/wp\/v2\/types\/post"}],"author":[{"embeddable":true,"href":"https:\/\/www.paranapraia.com.br\/index.php\/wp-json\/wp\/v2\/users\/2"}],"replies":[{"embeddable":true,"href":"https:\/\/www.paranapraia.com.br\/index.php\/wp-json\/wp\/v2\/comments?post=44379"}],"version-history":[{"count":1,"href":"https:\/\/www.paranapraia.com.br\/index.php\/wp-json\/wp\/v2\/posts\/44379\/revisions"}],"predecessor-version":[{"id":44383,"href":"https:\/\/www.paranapraia.com.br\/index.php\/wp-json\/wp\/v2\/posts\/44379\/revisions\/44383"}],"wp:featuredmedia":[{"embeddable":true,"href":"https:\/\/www.paranapraia.com.br\/index.php\/wp-json\/wp\/v2\/media\/44380"}],"wp:attachment":[{"href":"https:\/\/www.paranapraia.com.br\/index.php\/wp-json\/wp\/v2\/media?parent=44379"}],"wp:term":[{"taxonomy":"category","embeddable":true,"href":"https:\/\/www.paranapraia.com.br\/index.php\/wp-json\/wp\/v2\/categories?post=44379"},{"taxonomy":"post_tag","embeddable":true,"href":"https:\/\/www.paranapraia.com.br\/index.php\/wp-json\/wp\/v2\/tags?post=44379"}],"curies":[{"name":"wp","href":"https:\/\/api.w.org\/{rel}","templated":true}]}}