{"id":44363,"date":"2023-03-02T15:17:43","date_gmt":"2023-03-02T18:17:43","guid":{"rendered":"https:\/\/www.paranapraia.com.br\/?p=44363"},"modified":"2023-03-02T15:17:44","modified_gmt":"2023-03-02T18:17:44","slug":"educacao-reune-700-professores-em-encontro-de-formacao-continuada-em-foz-do-iguacu","status":"publish","type":"post","link":"https:\/\/www.paranapraia.com.br\/index.php\/2023\/03\/02\/educacao-reune-700-professores-em-encontro-de-formacao-continuada-em-foz-do-iguacu\/","title":{"rendered":"Educa\u00e7\u00e3o re\u00fane 700 professores em encontro de forma\u00e7\u00e3o continuada em Foz do Igua\u00e7u"},"content":{"rendered":"\n<p>Professores integrantes do Formadores em A\u00e7\u00e3o, programa de forma\u00e7\u00e3o continuada oferecido pela Secretaria da Educa\u00e7\u00e3o do Paran\u00e1 (Seed-PR), participam da capacita\u00e7\u00e3o que est\u00e1 sendo realizada em Foz do Igua\u00e7u, no Oeste do Estado. O Encontro Formadores em A\u00e7\u00e3o 2023 \u2013 Fortalecendo Saberes, re\u00fane quase 700 professores formadores, tutores, t\u00e9cnicos e coordenadores pedag\u00f3gicos. Eles participam de oficinas que abrangem temas como lideran\u00e7a, aprendizagem do adulto professor, feedback e media\u00e7\u00e3o com foco na gest\u00e3o do tempo e comunica\u00e7\u00e3o assertiva.<\/p>\n\n\n\n<p>Iniciado em julho de 2020, o programa consiste em grupos de estudo liderados por professores da rede estadual (professores formadores) e destinados a docentes da mesma disciplina ou \u00e1rea do conhecimento (professores cursistas). Durante os encontros, s\u00e3o abordadas quest\u00f5es como uso de tecnologias, metodologias ativas e experi\u00eancia em sala de aula.<\/p>\n\n\n\n<p>O evento em Foz come\u00e7ou quarta-feira (01) e segue at\u00e9 esta sexta (03). &#8220;O Formadores em A\u00e7\u00e3o nasce com o objetivo da troca. \u00c9 a troca da professora e professor com o seu colega. E a intera\u00e7\u00e3o nos grupos que v\u00e3o liderar \u00e9 muito importante, porque cada professor vai impactar milhares de estudantes&#8221;, disse o secret\u00e1rio de Educa\u00e7\u00e3o, Roni Miranda, aos educadores presentes na abertura do evento, nesta quarta-feira (1\u00b0).<\/p>\n\n\n\n<p>No primeiro trimestre deste ano, foram abertas 30 mil vagas para professores cursistas, que come\u00e7am no grupo de estudos em 6 de mar\u00e7o. Eles puderam escolher entre 58 temas, que incluem disciplinas da BNCC (Base Nacional Comum Curricular), novas disciplinas do novo ensino m\u00e9dio, al\u00e9m de grupos voltados para as plataformas educacionais \u2014 como o Reda\u00e7\u00e3o Paran\u00e1 e o Ingl\u00eas Paran\u00e1.<\/p>\n\n\n\n<p><strong>COMPARTILHAR&nbsp;<\/strong>\u2013Professora formadora desde 2022, Monique Kodama, de Londrina, j\u00e1 conduziu grupos de estudo de Arte no ensino m\u00e9dio, itiner\u00e1rio formativo e m\u00eddias digitais. Se no come\u00e7o tinha certo receio de ser professora de professores, depois, viu que as intera\u00e7\u00f5es traziam sempre bons resultados. &#8220;Nos reunimos entre os nossos iguais para compartilhar as experi\u00eancias dentro de sala de aula, \u00eaxitos e dificuldades tamb\u00e9m. Para mim, \u00e9 super gostoso e gratificante saber que eu estou ali para mediar essas trocas&#8221;, comentou.<\/p>\n\n\n\n<p>O que \u00e9 discutido nos grupos de estudo \u00e9 levado \u00e0s salas de aula pelos cursistas. Depois, eles compartilham como foi a aplica\u00e7\u00e3o pr\u00e1tica das ideias com as suas turmas. &#8220;Ele conta que deu certo, que foi legal, ou que com ele n\u00e3o funcionou desse jeito, a\u00ed j\u00e1 surgem outras ideias para tentar resolver os problemas que aparecem. Nossa pr\u00e1tica em sala de aula muda por causa disso&#8221;, disse Monique.<\/p>\n\n\n\n<p>Anderfabio de Oliveira, diretor de Educa\u00e7\u00e3o da Seed-PR, refor\u00e7ou, durante a abertura do evento, que o objetivo do Formadores em A\u00e7\u00e3o \u00e9 capacitar o professor para que ele ofere\u00e7a o melhor aos seus alunos. &#8220;A forma\u00e7\u00e3o continuada tem um papel extremamente importante para que a gente corrija a rota, pensando sempre em garantir uma boa experi\u00eancia, uma boa aula para os nossos estudantes&#8221;, afirmou.<\/p>\n\n\n\n<p><strong>RECONHECIDO COMO EXEMPLO&nbsp;<\/strong>\u2013 O programa foi citado como exemplo de desenvolvimento de professores durante a pandemia em uma publica\u00e7\u00e3o editada por Fernando M. Reimers, da Universidade de Harvard, e Renato Opertti, do Bureau Internacional de Educa\u00e7\u00e3o (BIE), da Unesco. Lan\u00e7ada em 2021, a obra \u00e9 intitulada \u201cAprendendo a reconstruir futuros melhores para a educa\u00e7\u00e3o: Li\u00e7\u00f5es de inova\u00e7\u00e3o educacional durante a pandemia de Covid-19\u201d.<\/p>\n\n\n\n<p>Um dos cap\u00edtulos \u00e9 dedicado \u00e0s compet\u00eancias digitais de professores, trazendo exemplos de programas de desenvolvimento profissional no Brasil, incluindo o Formadores em A\u00e7\u00e3o. Com o t\u00edtulo \u201cCompet\u00eancia digital como um facilitador para o desenvolvimento profissional de professores\u201d, o cap\u00edtulo foi escrito por Lucia Dellagnelo, diretora-presidente do Centro de Inova\u00e7\u00e3o para a Educa\u00e7\u00e3o Brasileira (CIEB).<\/p>\n\n\n\n<p>AEN<\/p>\n","protected":false},"excerpt":{"rendered":"<p>Professores integrantes do Formadores em A\u00e7\u00e3o, programa de forma\u00e7\u00e3o continuada oferecido pela Secretaria da Educa\u00e7\u00e3o do Paran\u00e1 (Seed-PR), participam da capacita\u00e7\u00e3o que est\u00e1 sendo realizada em Foz do Igua\u00e7u, no Oeste do Estado. O Encontro Formadores em A\u00e7\u00e3o 2023 \u2013 Fortalecendo Saberes, re\u00fane quase 700 professores formadores, tutores, t\u00e9cnicos e coordenadores pedag\u00f3gicos. Eles participam de [&hellip;]<\/p>\n","protected":false},"author":2,"featured_media":44364,"comment_status":"open","ping_status":"open","sticky":false,"template":"","format":"standard","meta":{"advanced_seo_description":"","jetpack_seo_html_title":"","jetpack_seo_noindex":false,"_jetpack_memberships_contains_paid_content":false,"footnotes":""},"categories":[40],"tags":[],"class_list":{"0":"post-44363","1":"post","2":"type-post","3":"status-publish","4":"format-standard","5":"has-post-thumbnail","7":"category-destaques"},"jetpack_featured_media_url":"https:\/\/www.paranapraia.com.br\/wp-content\/uploads\/2023\/03\/dsc08155-scaled.jpg","jetpack_sharing_enabled":true,"_links":{"self":[{"href":"https:\/\/www.paranapraia.com.br\/index.php\/wp-json\/wp\/v2\/posts\/44363"}],"collection":[{"href":"https:\/\/www.paranapraia.com.br\/index.php\/wp-json\/wp\/v2\/posts"}],"about":[{"href":"https:\/\/www.paranapraia.com.br\/index.php\/wp-json\/wp\/v2\/types\/post"}],"author":[{"embeddable":true,"href":"https:\/\/www.paranapraia.com.br\/index.php\/wp-json\/wp\/v2\/users\/2"}],"replies":[{"embeddable":true,"href":"https:\/\/www.paranapraia.com.br\/index.php\/wp-json\/wp\/v2\/comments?post=44363"}],"version-history":[{"count":1,"href":"https:\/\/www.paranapraia.com.br\/index.php\/wp-json\/wp\/v2\/posts\/44363\/revisions"}],"predecessor-version":[{"id":44365,"href":"https:\/\/www.paranapraia.com.br\/index.php\/wp-json\/wp\/v2\/posts\/44363\/revisions\/44365"}],"wp:featuredmedia":[{"embeddable":true,"href":"https:\/\/www.paranapraia.com.br\/index.php\/wp-json\/wp\/v2\/media\/44364"}],"wp:attachment":[{"href":"https:\/\/www.paranapraia.com.br\/index.php\/wp-json\/wp\/v2\/media?parent=44363"}],"wp:term":[{"taxonomy":"category","embeddable":true,"href":"https:\/\/www.paranapraia.com.br\/index.php\/wp-json\/wp\/v2\/categories?post=44363"},{"taxonomy":"post_tag","embeddable":true,"href":"https:\/\/www.paranapraia.com.br\/index.php\/wp-json\/wp\/v2\/tags?post=44363"}],"curies":[{"name":"wp","href":"https:\/\/api.w.org\/{rel}","templated":true}]}}