{"id":44357,"date":"2023-03-02T14:52:08","date_gmt":"2023-03-02T17:52:08","guid":{"rendered":"https:\/\/www.paranapraia.com.br\/?p=44357"},"modified":"2023-03-02T14:52:09","modified_gmt":"2023-03-02T17:52:09","slug":"portos-do-parana-assina-novo-contrato-de-arrendamento-em-area-localizada-no-cais-em-paranagua","status":"publish","type":"post","link":"https:\/\/www.paranapraia.com.br\/index.php\/2023\/03\/02\/portos-do-parana-assina-novo-contrato-de-arrendamento-em-area-localizada-no-cais-em-paranagua\/","title":{"rendered":"Portos do Paran\u00e1 assina novo contrato de arrendamento em \u00e1rea localizada no cais em Paranagu\u00e1"},"content":{"rendered":"\n<p>A empresa p\u00fablica Portos do Paran\u00e1 assinou contrato com a nova empresa arrendat\u00e1ria da&nbsp;<a href=\"https:\/\/www.aen.pr.gov.br\/Noticia\/Governo-concede-area-do-Porto-de-Paranagua-em-leilao-e-garante-R-338-milhoes-em\" target=\"_blank\" rel=\"noreferrer noopener\">\u00e1rea PAR32<\/a>, a FTS Participa\u00e7\u00f5es S\/A (FTS Par). Com a anu\u00eancia do Minist\u00e9rio de Portos e Aeroportos e da Ag\u00eancia Nacional de Transportes Aquavi\u00e1rios (Antaq), o documento foi formalizado na ter\u00e7a-feira (28), durante o primeiro dia da Intermodal South America 2023, maior evento do segmento na Am\u00e9rica Latina que acontece em S\u00e3o Paulo.<\/p>\n\n\n\n<p>No estande da comunidade portu\u00e1ria paranaense (F-060), o documento foi assinado pelo secret\u00e1rio-executivo do Minist\u00e9rio, Roberto Gusm\u00e3o; pelo diretor-geral da Antaq, Eduardo Nery; pelo diretor-presidente da Portos do Paran\u00e1, Luiz Fernando Garcia; e pelo diretor institucional do grupo FTS, Alex \u00c1vila.<\/p>\n\n\n\n<p>A partir da assinatura do contrato, a administra\u00e7\u00e3o da Portos do Paran\u00e1 tem prazo de 30 dias para analisar o Plano B\u00e1sico de Implanta\u00e7\u00e3o (PBI) apresentado pela empresa privada. O documento, previsto em edital e uma obriga\u00e7\u00e3o contratual, mostra como ser\u00e1 o arranjo estrutural e operacional que a empresa adotar\u00e1.<\/p>\n\n\n\n<p>Aprovado o plano b\u00e1sico, a FTS Par assume a \u00e1rea com um Termo de Assun\u00e7\u00e3o Provis\u00f3ria dos Ativos (TAP), que estabelece um prazo legal para a empresa avaliar a \u00e1rea objeto da licita\u00e7\u00e3o.<\/p>\n\n\n\n<p>Com tudo aprovado tamb\u00e9m pela nova arrendat\u00e1ria, ser\u00e1 firmado o Termo de Assun\u00e7\u00e3o Definitiva (TAD) e a FTS Par passa a ser, de direito, respons\u00e1vel pela \u00e1rea. A empresa assume com a obriga\u00e7\u00e3o de investir um valor m\u00ednimo de R$ 4,17 milh\u00f5es, dentro de um per\u00edodo de um ano. Al\u00e9m da obriga\u00e7\u00e3o de investir em melhorias na \u00e1rea, a nova arrendat\u00e1ria passa a efetuar os pagamentos mensais pela ocupa\u00e7\u00e3o. Ao final do per\u00edodo do contrato de arrendamento, os investimentos voltam para o poder p\u00fablico.<\/p>\n\n\n\n<p>\u201cVamos seguir todo o tr\u00e2mite p\u00f3s-contrato, de maneira transparente e aberta, regularizando e ocupando as \u00e1reas operacionais dispon\u00edveis nos portos do Paran\u00e1\u201d, afirma o diretor-presidente Luiz Fernando Garcia. Segundo ele, a seguran\u00e7a jur\u00eddica que trazem as regulariza\u00e7\u00f5es das \u00e1reas portu\u00e1rias tamb\u00e9m atrai os investimentos e o desenvolvimento.<\/p>\n\n\n\n<p>\u201cOs novos investimentos em \u00e1reas garantem estruturas mais modernas e otimizadas. Al\u00e9m de mais efici\u00eancia nas opera\u00e7\u00f5es portu\u00e1rias, geram mais empregos e renda para toda a regi\u00e3o\u201d, acrescenta.<\/p>\n\n\n\n<p><strong>\u00c1REA&nbsp;<\/strong>\u2013&nbsp;A PAR32 tem aproximadamente 6,6 mil metros quadrados, j\u00e1 com estrutura de armaz\u00e9ns (6A e 6B), e est\u00e1 localizada a oeste do cais do porto paranaense. A FTS Par arrematou a \u00e1rea destinada \u00e0 armazenagem e movimenta\u00e7\u00e3o de carga geral (especialmente a\u00e7\u00facar em saca) em leil\u00e3o realizado em abril de 2022, na B3, por R$ 30 milh\u00f5es.<\/p>\n\n\n\n<p>O diretor do grupo FTS, Alex \u00c1vila, disse que, al\u00e9m de cumprir o exigido em contrato, o grupo quer aplicar outros investimentos para desenvolver a atividade na \u00e1rea. \u201cPretendemos investir em melhorias para garantir uma excelente performance do terminal\u201d, diz.<\/p>\n\n\n\n<p>Ainda segundo ele, a expectativa \u00e9 que 300 novos postos de trabalho diretos e indiretos sejam gerados. \u201cVamos contar com muita m\u00e3o de obra externa para fazer frente a todas as opera\u00e7\u00f5es que programamos para o terminal\u201d, arremata.<\/p>\n\n\n\n<p>AEN<\/p>\n","protected":false},"excerpt":{"rendered":"<p>A empresa p\u00fablica Portos do Paran\u00e1 assinou contrato com a nova empresa arrendat\u00e1ria da&nbsp;\u00e1rea PAR32, a FTS Participa\u00e7\u00f5es S\/A (FTS Par). Com a anu\u00eancia do Minist\u00e9rio de Portos e Aeroportos e da Ag\u00eancia Nacional de Transportes Aquavi\u00e1rios (Antaq), o documento foi formalizado na ter\u00e7a-feira (28), durante o primeiro dia da Intermodal South America 2023, maior [&hellip;]<\/p>\n","protected":false},"author":2,"featured_media":44358,"comment_status":"open","ping_status":"open","sticky":false,"template":"","format":"standard","meta":{"advanced_seo_description":"","jetpack_seo_html_title":"","jetpack_seo_noindex":false,"_jetpack_memberships_contains_paid_content":false,"footnotes":""},"categories":[40],"tags":[],"class_list":{"0":"post-44357","1":"post","2":"type-post","3":"status-publish","4":"format-standard","5":"has-post-thumbnail","7":"category-destaques"},"jetpack_featured_media_url":"https:\/\/www.paranapraia.com.br\/wp-content\/uploads\/2023\/03\/image00100-scaled.jpg","jetpack_sharing_enabled":true,"_links":{"self":[{"href":"https:\/\/www.paranapraia.com.br\/index.php\/wp-json\/wp\/v2\/posts\/44357"}],"collection":[{"href":"https:\/\/www.paranapraia.com.br\/index.php\/wp-json\/wp\/v2\/posts"}],"about":[{"href":"https:\/\/www.paranapraia.com.br\/index.php\/wp-json\/wp\/v2\/types\/post"}],"author":[{"embeddable":true,"href":"https:\/\/www.paranapraia.com.br\/index.php\/wp-json\/wp\/v2\/users\/2"}],"replies":[{"embeddable":true,"href":"https:\/\/www.paranapraia.com.br\/index.php\/wp-json\/wp\/v2\/comments?post=44357"}],"version-history":[{"count":1,"href":"https:\/\/www.paranapraia.com.br\/index.php\/wp-json\/wp\/v2\/posts\/44357\/revisions"}],"predecessor-version":[{"id":44359,"href":"https:\/\/www.paranapraia.com.br\/index.php\/wp-json\/wp\/v2\/posts\/44357\/revisions\/44359"}],"wp:featuredmedia":[{"embeddable":true,"href":"https:\/\/www.paranapraia.com.br\/index.php\/wp-json\/wp\/v2\/media\/44358"}],"wp:attachment":[{"href":"https:\/\/www.paranapraia.com.br\/index.php\/wp-json\/wp\/v2\/media?parent=44357"}],"wp:term":[{"taxonomy":"category","embeddable":true,"href":"https:\/\/www.paranapraia.com.br\/index.php\/wp-json\/wp\/v2\/categories?post=44357"},{"taxonomy":"post_tag","embeddable":true,"href":"https:\/\/www.paranapraia.com.br\/index.php\/wp-json\/wp\/v2\/tags?post=44357"}],"curies":[{"name":"wp","href":"https:\/\/api.w.org\/{rel}","templated":true}]}}