{"id":44320,"date":"2023-03-01T09:13:04","date_gmt":"2023-03-01T12:13:04","guid":{"rendered":"https:\/\/www.paranapraia.com.br\/?p=44320"},"modified":"2023-03-01T09:13:05","modified_gmt":"2023-03-01T12:13:05","slug":"baba-presa-suspeita-de-produzir-pornografia-de-crianca-de-5-anos","status":"publish","type":"post","link":"https:\/\/www.paranapraia.com.br\/index.php\/2023\/03\/01\/baba-presa-suspeita-de-produzir-pornografia-de-crianca-de-5-anos\/","title":{"rendered":"Bab\u00e1 presa suspeita de produzir pornografia de crian\u00e7a de 5 anos"},"content":{"rendered":"\n<p>Uma bab\u00e1 de 40 anos foi presa na noite de ter\u00e7a-feira (28) suspeita de produzir e armazenar pornografia infantil de crian\u00e7as e adolescentes em Imbituva, nos Campos Gerais do Paran\u00e1. De acordo com a Pol\u00edcia Civil, a den\u00fancia foi feita pelos pais de uma v\u00edtima de cinco anos.<\/p>\n\n\n\n<p>Ao delegado Thiago Andrade, eles contaram que a mulher trabalhava na casa da fam\u00edlia e tinha fotos e v\u00eddeos sexualizados da menina tomando banho, al\u00e9m de registros das partes \u00edntimas.<\/p>\n\n\n\n<p>Durante a pris\u00e3o, a pol\u00edcia ainda apreendeu o celular da bab\u00e1. O aparelho ser\u00e1 enviado para per\u00edcia.<\/p>\n\n\n\n<h2 class=\"wp-block-heading\">Orienta\u00e7\u00e3o<\/h2>\n\n\n\n<p>De acordo com o delegado, na hora da contrata\u00e7\u00e3o de profissionais para atuarem com crian\u00e7as, pais devem estar atentos a alguns detalhes:<\/p>\n\n\n\n<ul class=\"wp-block-list\"><li>cuidado extremo;<\/li><li>verificar vida pregressa da pessoa;<\/li><li>fazer um acompanhamento di\u00e1rio junto aos filhos e verificar qualquer mudan\u00e7a de comportamento.<\/li><\/ul>\n\n\n\n<p>G1PR<\/p>\n","protected":false},"excerpt":{"rendered":"<p>Uma bab\u00e1 de 40 anos foi presa na noite de ter\u00e7a-feira (28) suspeita de produzir e armazenar pornografia infantil de crian\u00e7as e adolescentes em Imbituva, nos Campos Gerais do Paran\u00e1. De acordo com a Pol\u00edcia Civil, a den\u00fancia foi feita pelos pais de uma v\u00edtima de cinco anos. Ao delegado Thiago Andrade, eles contaram que [&hellip;]<\/p>\n","protected":false},"author":2,"featured_media":44321,"comment_status":"open","ping_status":"open","sticky":false,"template":"","format":"standard","meta":{"advanced_seo_description":"","jetpack_seo_html_title":"","jetpack_seo_noindex":false,"_jetpack_memberships_contains_paid_content":false,"footnotes":""},"categories":[33],"tags":[],"class_list":{"0":"post-44320","1":"post","2":"type-post","3":"status-publish","4":"format-standard","5":"has-post-thumbnail","7":"category-policia"},"jetpack_featured_media_url":"https:\/\/www.paranapraia.com.br\/wp-content\/uploads\/2023\/03\/image-1.png","jetpack_sharing_enabled":true,"_links":{"self":[{"href":"https:\/\/www.paranapraia.com.br\/index.php\/wp-json\/wp\/v2\/posts\/44320"}],"collection":[{"href":"https:\/\/www.paranapraia.com.br\/index.php\/wp-json\/wp\/v2\/posts"}],"about":[{"href":"https:\/\/www.paranapraia.com.br\/index.php\/wp-json\/wp\/v2\/types\/post"}],"author":[{"embeddable":true,"href":"https:\/\/www.paranapraia.com.br\/index.php\/wp-json\/wp\/v2\/users\/2"}],"replies":[{"embeddable":true,"href":"https:\/\/www.paranapraia.com.br\/index.php\/wp-json\/wp\/v2\/comments?post=44320"}],"version-history":[{"count":1,"href":"https:\/\/www.paranapraia.com.br\/index.php\/wp-json\/wp\/v2\/posts\/44320\/revisions"}],"predecessor-version":[{"id":44322,"href":"https:\/\/www.paranapraia.com.br\/index.php\/wp-json\/wp\/v2\/posts\/44320\/revisions\/44322"}],"wp:featuredmedia":[{"embeddable":true,"href":"https:\/\/www.paranapraia.com.br\/index.php\/wp-json\/wp\/v2\/media\/44321"}],"wp:attachment":[{"href":"https:\/\/www.paranapraia.com.br\/index.php\/wp-json\/wp\/v2\/media?parent=44320"}],"wp:term":[{"taxonomy":"category","embeddable":true,"href":"https:\/\/www.paranapraia.com.br\/index.php\/wp-json\/wp\/v2\/categories?post=44320"},{"taxonomy":"post_tag","embeddable":true,"href":"https:\/\/www.paranapraia.com.br\/index.php\/wp-json\/wp\/v2\/tags?post=44320"}],"curies":[{"name":"wp","href":"https:\/\/api.w.org\/{rel}","templated":true}]}}