{"id":44317,"date":"2023-02-28T18:46:19","date_gmt":"2023-02-28T21:46:19","guid":{"rendered":"https:\/\/www.paranapraia.com.br\/?p=44317"},"modified":"2023-02-28T18:46:19","modified_gmt":"2023-02-28T21:46:19","slug":"com-aumento-de-quase-100-saude-reforca-alerta-para-casos-de-chikungunya-no-parana","status":"publish","type":"post","link":"https:\/\/www.paranapraia.com.br\/index.php\/2023\/02\/28\/com-aumento-de-quase-100-saude-reforca-alerta-para-casos-de-chikungunya-no-parana\/","title":{"rendered":"Com aumento de quase 100%, Sa\u00fade refor\u00e7a alerta para casos de chikungunya no Paran\u00e1"},"content":{"rendered":"\n<p>De acordo com o boletim epidemiol\u00f3gico publicado nesta ter\u00e7a-feira (28) pela Secretaria de Estado da Sa\u00fade (Sesa), os casos de chikungunya no Paran\u00e1 quase dobraram em rela\u00e7\u00e3o \u00e0 semana passada \u2013 passaram de 14 para 27, um salto de 92,3%.<\/p>\n\n\n\n<p>Atualmente, s\u00e3o 13 casos importados, nove aut\u00f3ctones e cinco ainda permanecem em investiga\u00e7\u00e3o quanto ao local prov\u00e1vel de infec\u00e7\u00e3o. Os casos foram registrados nos munic\u00edpios de C\u00e9u Azul (1), Curitiba (4), Foz do Igua\u00e7u (7), Gua\u00edra (1), Ibipor\u00e3 (1), Itaipul\u00e2ndia (1), Jacarezinho (1), Matel\u00e2ndia (2), Mercedes (1) Paranava\u00ed (1), Pato Branco (2), Santo Ant\u00f4nio do Caiu\u00e1 (1), S\u00e3o Jos\u00e9 dos Pinhais (1) e S\u00e3o Miguel do Igua\u00e7u (3).<\/p>\n\n\n\n<p>O mosquito Aedes aegypti tamb\u00e9m \u00e9 respons\u00e1vel, al\u00e9m da chikungunya, pela transmis\u00e3o da dengue e zika. Desde o in\u00edcio do per\u00edodo epidemiol\u00f3gico, em agosto de 2022, n\u00e3o houve confirma\u00e7\u00f5es de zika no Paran\u00e1.<\/p>\n\n\n\n<p>O informe confirma ainda mais 684 casos de dengue, totalizando 4.794 casos. O Paran\u00e1 contabiliza 52.605 notifica\u00e7\u00f5es da doen\u00e7a, mais de 34 mil casos descartados e cinco \u00f3bitos.<\/p>\n\n\n\n<p>A Sesa j\u00e1 havia emitido um alerta para casos de chikungunya no in\u00edcio do m\u00eas, ap\u00f3s o Minist\u00e9rio da Sa\u00fade e Bem-Estar Social do Paraguai confirmar um surto da doen\u00e7a no pa\u00eds. No dia 3 de fevereiro houve a primeira confirma\u00e7\u00e3o de caso aut\u00f3ctone no Paran\u00e1 (quando a contamina\u00e7\u00e3o \u00e9 local) no munic\u00edpio de Pato Branco, no Sudoeste do Estado.\u201cEsse aumento era esperado e por isso iniciamos com algumas a\u00e7\u00f5es estrat\u00e9gicas para o controle da doen\u00e7a. <\/p>\n\n\n\n<p>Medidas preventivas foram tomadas e enviamos ainda medicamentos e insumos para o tratamento nos hospitais municipais da regi\u00e3o de fronteira\u201d, disse o secret\u00e1rio de Estado da Sa\u00fade, C\u00e9sar Neves. \u201cEstamos dando suporte aos munic\u00edpios e monitorando caso a caso. O manejo da doen\u00e7a e reconhecimento dos sintomas \u00e9 de grande valia neste momento\u201d.<\/p>\n\n\n\n<p>Foto: Arquivo AEN<\/p>\n\n\n\n<p>Assessoria <\/p>\n","protected":false},"excerpt":{"rendered":"<p>De acordo com o boletim epidemiol\u00f3gico publicado nesta ter\u00e7a-feira (28) pela Secretaria de Estado da Sa\u00fade (Sesa), os casos de chikungunya no Paran\u00e1 quase dobraram em rela\u00e7\u00e3o \u00e0 semana passada \u2013 passaram de 14 para 27, um salto de 92,3%. Atualmente, s\u00e3o 13 casos importados, nove aut\u00f3ctones e cinco ainda permanecem em investiga\u00e7\u00e3o quanto ao [&hellip;]<\/p>\n","protected":false},"author":2,"featured_media":44318,"comment_status":"open","ping_status":"open","sticky":false,"template":"","format":"standard","meta":{"advanced_seo_description":"","jetpack_seo_html_title":"","jetpack_seo_noindex":false,"_jetpack_memberships_contains_paid_content":false,"footnotes":""},"categories":[40],"tags":[],"class_list":{"0":"post-44317","1":"post","2":"type-post","3":"status-publish","4":"format-standard","5":"has-post-thumbnail","7":"category-destaques"},"jetpack_featured_media_url":"https:\/\/www.paranapraia.com.br\/wp-content\/uploads\/2023\/02\/MosquitoAedesAegypti.jpg","jetpack_sharing_enabled":true,"_links":{"self":[{"href":"https:\/\/www.paranapraia.com.br\/index.php\/wp-json\/wp\/v2\/posts\/44317"}],"collection":[{"href":"https:\/\/www.paranapraia.com.br\/index.php\/wp-json\/wp\/v2\/posts"}],"about":[{"href":"https:\/\/www.paranapraia.com.br\/index.php\/wp-json\/wp\/v2\/types\/post"}],"author":[{"embeddable":true,"href":"https:\/\/www.paranapraia.com.br\/index.php\/wp-json\/wp\/v2\/users\/2"}],"replies":[{"embeddable":true,"href":"https:\/\/www.paranapraia.com.br\/index.php\/wp-json\/wp\/v2\/comments?post=44317"}],"version-history":[{"count":1,"href":"https:\/\/www.paranapraia.com.br\/index.php\/wp-json\/wp\/v2\/posts\/44317\/revisions"}],"predecessor-version":[{"id":44319,"href":"https:\/\/www.paranapraia.com.br\/index.php\/wp-json\/wp\/v2\/posts\/44317\/revisions\/44319"}],"wp:featuredmedia":[{"embeddable":true,"href":"https:\/\/www.paranapraia.com.br\/index.php\/wp-json\/wp\/v2\/media\/44318"}],"wp:attachment":[{"href":"https:\/\/www.paranapraia.com.br\/index.php\/wp-json\/wp\/v2\/media?parent=44317"}],"wp:term":[{"taxonomy":"category","embeddable":true,"href":"https:\/\/www.paranapraia.com.br\/index.php\/wp-json\/wp\/v2\/categories?post=44317"},{"taxonomy":"post_tag","embeddable":true,"href":"https:\/\/www.paranapraia.com.br\/index.php\/wp-json\/wp\/v2\/tags?post=44317"}],"curies":[{"name":"wp","href":"https:\/\/api.w.org\/{rel}","templated":true}]}}