{"id":44314,"date":"2023-02-28T18:31:18","date_gmt":"2023-02-28T21:31:18","guid":{"rendered":"https:\/\/www.paranapraia.com.br\/?p=44314"},"modified":"2023-02-28T18:31:19","modified_gmt":"2023-02-28T21:31:19","slug":"portos-do-parana-reune-21-parceiros-e-mostra-diferenciais-na-27a-intermodal","status":"publish","type":"post","link":"https:\/\/www.paranapraia.com.br\/index.php\/2023\/02\/28\/portos-do-parana-reune-21-parceiros-e-mostra-diferenciais-na-27a-intermodal\/","title":{"rendered":"Portos do Paran\u00e1 re\u00fane 21 parceiros e mostra diferenciais na 27\u00aa Intermodal"},"content":{"rendered":"\n<p>A empresa p\u00fablica Portos do Paran\u00e1 participa com 21 parceiros do principal evento do setor log\u00edstico na Am\u00e9rica do Sul. O estande da comunidade portu\u00e1ria paranaense na Intermodal South America 2023 abriu nesta ter\u00e7a-feira (28) e segue at\u00e9 2 de mar\u00e7o, no S\u00e3o Paulo Expo.\u201c\u00c9 uma grande oportunidade para que os portos de Paranagu\u00e1 e Antonina e as empresas que integram a comunidade portu\u00e1ria do Estado apresentem as vantagens competitivas, log\u00edsticas e econ\u00f4micas para atrair novos neg\u00f3cios\u201d, afirma o diretor-presidente da Portos do Paran\u00e1, Luiz Fernando Garcia.<\/p>\n\n\n\n<p>Na edi\u00e7\u00e3o 2023, a autoridade portu\u00e1ria do Estado reuniu 21 empresas parceiras: AOCEP, Ascensus Group, Bunge, Cargill, Cattalini, Centrosul, Cimbessul, Coamo, Cotrigua\u00e7u, DTS, Fospar, Harbor, InterAlli, Klabin, Louis Dreyfus Company, Tibagi, Pasa, FTS Group, Rocha, Marcon, Multitrans. O Governo do Estado participa da 27\u00aa edi\u00e7\u00e3o com representantes da Secretaria de Estado da Infraestrutura e Log\u00edstica e da Ferroeste.<\/p>\n\n\n\n<p>O estande de 240 metros quadrados da empresa p\u00fablica est\u00e1 localizado na regi\u00e3o central do S\u00e3o Paulo Expo. Entre as novidades, um Mega Raio X, com tela interativa e sensores, que permite ao visitante saber informa\u00e7\u00f5es em portugu\u00eas e ingl\u00eas sobre as empresas que atuam nos portos de Paranagu\u00e1 e Antonina. <\/p>\n\n\n\n<p>Outro destaque \u00e9 o est\u00fadio de grava\u00e7\u00e3o de podcast. O local foi desenvolvido para a produ\u00e7\u00e3o de conte\u00fados, ao vivo e gravados, sobre as novidades em neg\u00f3cios, investimentos e desafios do setor. O programa Direto ao Porto ser\u00e1 lan\u00e7ado e transmitido ao vivo pelo Youtube e seguir\u00e1, depois da feira, com conte\u00fados semanais.<\/p>\n\n\n\n<p>INTERMODAL &#8211; Nesta edi\u00e7\u00e3o, a feira conta com 200 expositores e mais de 500 marcas participantes, nacionais e internacionais. Al\u00e9m do evento presencial, a Intermodal South America \u00e9 tamb\u00e9m uma plataforma de neg\u00f3cios para networking, relacionamento, atualiza\u00e7\u00e3o profissional e debates envolvendo todos os players da cadeia log\u00edstica.<\/p>\n\n\n\n<p>De acordo com a organiza\u00e7\u00e3o, a 27\u00aa edi\u00e7\u00e3o promete ser a maior da hist\u00f3ria, com novidades em eventos simult\u00e2neos de conte\u00fado exclusivo, networking e lan\u00e7amentos de produtos, equipamentos, tecnologia e servi\u00e7os para toda a cadeia de suprimentos.<\/p>\n\n\n\n<p>Durante a feira, o Interlog Summit &#8211; Congresso Intermodal, vai discutir infraestrutura portu\u00e1ria, cen\u00e1rio mar\u00edtimo\/portu\u00e1rio e o desenvolvimento da ind\u00fastria mar\u00edtima e portu\u00e1ria nacional, entre outros temas ligados \u00e0 infraestrutura, ferrovias e cadeia de produ\u00e7\u00e3o.<\/p>\n\n\n\n<p>SERVI\u00c7O<\/p>\n\n\n\n<p>Evento: Intermodal South America 2023<\/p>\n\n\n\n<p>Data: 28 de fevereiro, 1\u00ba e 2 de mar\u00e7o de 2023<\/p>\n\n\n\n<p>Hor\u00e1rio: das 13h \u00e0s 21h<\/p>\n\n\n\n<p>Local: S\u00e3o Paulo Expo &#8211; setor F060<\/p>\n\n\n\n<p>Endere\u00e7o: Rodovia dos Imigrantes, km 1,5 &#8211; Vila \u00c1gua Funda &#8211; S\u00e3o Paulo<\/p>\n\n\n\n<p>Foto: Leticia Bollini<\/p>\n\n\n\n<p>Assessoria <\/p>\n","protected":false},"excerpt":{"rendered":"<p>A empresa p\u00fablica Portos do Paran\u00e1 participa com 21 parceiros do principal evento do setor log\u00edstico na Am\u00e9rica do Sul. O estande da comunidade portu\u00e1ria paranaense na Intermodal South America 2023 abriu nesta ter\u00e7a-feira (28) e segue at\u00e9 2 de mar\u00e7o, no S\u00e3o Paulo Expo.\u201c\u00c9 uma grande oportunidade para que os portos de Paranagu\u00e1 e [&hellip;]<\/p>\n","protected":false},"author":2,"featured_media":44315,"comment_status":"open","ping_status":"open","sticky":false,"template":"","format":"standard","meta":{"advanced_seo_description":"","jetpack_seo_html_title":"","jetpack_seo_noindex":false,"_jetpack_memberships_contains_paid_content":false,"footnotes":""},"categories":[74],"tags":[],"class_list":{"0":"post-44314","1":"post","2":"type-post","3":"status-publish","4":"format-standard","5":"has-post-thumbnail","7":"category-setor-portuario"},"jetpack_featured_media_url":"https:\/\/www.paranapraia.com.br\/wp-content\/uploads\/2023\/02\/image00004_2-scaled.jpg","jetpack_sharing_enabled":true,"_links":{"self":[{"href":"https:\/\/www.paranapraia.com.br\/index.php\/wp-json\/wp\/v2\/posts\/44314"}],"collection":[{"href":"https:\/\/www.paranapraia.com.br\/index.php\/wp-json\/wp\/v2\/posts"}],"about":[{"href":"https:\/\/www.paranapraia.com.br\/index.php\/wp-json\/wp\/v2\/types\/post"}],"author":[{"embeddable":true,"href":"https:\/\/www.paranapraia.com.br\/index.php\/wp-json\/wp\/v2\/users\/2"}],"replies":[{"embeddable":true,"href":"https:\/\/www.paranapraia.com.br\/index.php\/wp-json\/wp\/v2\/comments?post=44314"}],"version-history":[{"count":1,"href":"https:\/\/www.paranapraia.com.br\/index.php\/wp-json\/wp\/v2\/posts\/44314\/revisions"}],"predecessor-version":[{"id":44316,"href":"https:\/\/www.paranapraia.com.br\/index.php\/wp-json\/wp\/v2\/posts\/44314\/revisions\/44316"}],"wp:featuredmedia":[{"embeddable":true,"href":"https:\/\/www.paranapraia.com.br\/index.php\/wp-json\/wp\/v2\/media\/44315"}],"wp:attachment":[{"href":"https:\/\/www.paranapraia.com.br\/index.php\/wp-json\/wp\/v2\/media?parent=44314"}],"wp:term":[{"taxonomy":"category","embeddable":true,"href":"https:\/\/www.paranapraia.com.br\/index.php\/wp-json\/wp\/v2\/categories?post=44314"},{"taxonomy":"post_tag","embeddable":true,"href":"https:\/\/www.paranapraia.com.br\/index.php\/wp-json\/wp\/v2\/tags?post=44314"}],"curies":[{"name":"wp","href":"https:\/\/api.w.org\/{rel}","templated":true}]}}