{"id":43949,"date":"2023-02-17T09:52:44","date_gmt":"2023-02-17T12:52:44","guid":{"rendered":"https:\/\/www.paranapraia.com.br\/?p=43949"},"modified":"2023-02-17T09:52:45","modified_gmt":"2023-02-17T12:52:45","slug":"parques-museus-e-orgaos-estaduais-confira-o-que-abre-e-o-que-fecha-no-estado-no-carnaval","status":"publish","type":"post","link":"https:\/\/www.paranapraia.com.br\/index.php\/2023\/02\/17\/parques-museus-e-orgaos-estaduais-confira-o-que-abre-e-o-que-fecha-no-estado-no-carnaval\/","title":{"rendered":"Parques, museus e \u00f3rg\u00e3os estaduais: confira o que abre e o que fecha no Estado no Carnaval"},"content":{"rendered":"\n<p>Os \u00f3rg\u00e3os, empresas e institui\u00e7\u00f5es do Governo do Estado cumprem per\u00edodo de recesso de segunda (20) a quarta-feira (22), at\u00e9 as 14 horas, com escala especial. Servi\u00e7os essenciais que n\u00e3o admitem paralisa\u00e7\u00e3o, como hospitais e delegacias de pol\u00edcia, atender\u00e3o normalmente. <\/p>\n\n\n\n<p>Os museus e diversos parques estaduais estar\u00e3o abertos ao p\u00fablico e s\u00e3o alternativas de lazer \u00e0 folia.Veja abaixo o hor\u00e1rio de funcionamento de \u00f3rg\u00e3os p\u00fablicos estaduais:<\/p>\n\n\n\n<p>HOSPITAIS DO ESTADO \u2013 Atendimento normal todos os dias.<\/p>\n\n\n\n<p>SEGURAN\u00c7A P\u00daBLICA \u2013 Todas as Delegacias do Estado funcionam em regime de plant\u00e3o de s\u00e1bado a ter\u00e7a-feira (18 a 21). As unidades administrativas estar\u00e3o fechadas no per\u00edodo. O expediente integral retorna na quarta-feira (22). Os servi\u00e7os dispon\u00edveis no aplicativo 190 PR, o telefone 190 para a Pol\u00edcia Militar e 193 para o Corpo de Bombeiros estar\u00e3o dispon\u00edveis 24 horas por dia.<\/p>\n\n\n\n<p>AG\u00caNCIAS DO TRABALHADOR \u2013 As Ag\u00eancias do Trabalhador e postos avan\u00e7ados seguem hor\u00e1rio de funcionamento determinado por decretos municipais. Na Capital e Regi\u00e3o Metropolitana, o atendimento ser\u00e1 retomado na quarta-feira (22), a partir das 13h30. No Litoral, as unidades voltam a prestar atendimento na quinta-feira (23), a partir das 8h. A Ag\u00eancia do Trabalhador da Cultura fecha de segunda (20) a ter\u00e7a-feira (21), com expediente na quarta-feira (22), a partir das 14h.<\/p>\n\n\n\n<p>ATENDIMENTO \u00c0 MULHER \u2013 O Centro de Refer\u00eancia e Atendimento \u00e0 Mulher (CRAM) em Situa\u00e7\u00e3o de Viol\u00eancia estar\u00e1 fechado na segunda (20) e ter\u00e7a-feira (21), com retorno das atividades presenciais na quarta-feira (22). No site da Secretaria da Justi\u00e7a e Cidadania \u00e9 poss\u00edvel conferir detalhes sobre os servi\u00e7os ofertados e outras formas de contato telef\u00f4nico para casos de emerg\u00eancia.<\/p>\n\n\n\n<p>Rodovias estaduais ter\u00e3o policiamento intensificado no Carnaval<\/p>\n\n\n\n<p>BIBLIOTECA \u2013 A Biblioteca P\u00fablica do Paran\u00e1 estar\u00e1 fechada ao p\u00fablico no s\u00e1bado (18) e na segunda-feira (20). As atividades retornam a partir das 14h de quarta-feira (22).<\/p>\n\n\n\n<p>CEASA \u2013 As Ceasas do Estado atendem normalmente na segunda (20) e quarta-feira (22). Na ter\u00e7a-feira (21), apenas a Ceasa de Maring\u00e1 estar\u00e1 aberta. As outras quatro unidades no Paran\u00e1, em Curitiba, Londrina, Cascavel e Foz do Igua\u00e7u, estar\u00e3o com seus mercados fechados. A administra\u00e7\u00e3o central da Ceasa Paran\u00e1, em Curitiba, fica em recesso nos dias 20 e 21, voltando a atender no dia 22 a partir das 13h. <\/p>\n\n\n\n<p>Confira AQUI mais informa\u00e7\u00f5es sobre os respectivos endere\u00e7os, hor\u00e1rios e dias de funcionamento das unidades.<\/p>\n\n\n\n<p>CEIM \u2013 O Centro de Informa\u00e7\u00e3o para Migrantes, Refugiados e Ap\u00e1tridas do Paran\u00e1 (CEIM) estar\u00e1 fechado na segunda (20) e ter\u00e7a-feira (21). Na quarta-feira (22), as atividades ser\u00e3o retomadas a partir das 14h.<\/p>\n\n\n\n<p>COHAPAR \u2013 N\u00e3o haver\u00e1 atendimento ao p\u00fablico na sede e escrit\u00f3rios regionais da companhia de segunda (20) a quarta-feira (22). Os servi\u00e7os de emiss\u00e3o de 2\u00aa via de faturas, cadastro em projetos habitacionais, consulta a empreendimentos por munic\u00edpio e pedidos de emiss\u00e3o de escritura continuam dispon\u00edveis no site da Cohapar. A partir de quinta-feira (23), todos os postos de atendimento voltam a funcionar normalmente no presencial e com presta\u00e7\u00e3o de servi\u00e7os via telefone e WhatsApp. Confira AQUI o n\u00famero de contato em seu munic\u00edpio<\/p>\n\n\n\n<p>COMPAGAS \u2013 N\u00e3o haver\u00e1 expediente entre segunda (20) e quarta-feira (22), per\u00edodo em que a ag\u00eancia de atendimento presencial tamb\u00e9m estar\u00e1 fechada. Para informa\u00e7\u00f5es e solicita\u00e7\u00f5es os clientes podem entrar em contato pelo telefone 3004-3400 e acessar a plataforma Compagas Virtual. Para avisos de emerg\u00eancias, a Central de Atendimento deve ser acionada pelo telefone 0800 643 8383.Com equipes do Interior, PM refor\u00e7a opera\u00e7\u00e3o para garantir sossego no Carnaval de Curitiba<\/p>\n\n\n\n<p>COPEL \u2013 As ag\u00eancias e postos de atendimento da Copel em todo o Estado fecham na segunda (20) e ter\u00e7a-feira (21). J\u00e1 na quarta (22), o atendimento ser\u00e1 retomado no per\u00edodo da tarde, exceto para as unidades que rotineiramente s\u00f3 abrem pela manh\u00e3. Confira AQUI os endere\u00e7os e hor\u00e1rios.A Copel est\u00e1 aprimorando constantemente seus canais de atendimento digitais para facilitar a vida do cliente. Todos os servi\u00e7os prestados de forma presencial tamb\u00e9m est\u00e3o dispon\u00edveis no aplicativo da Copel, site oficial, no WhatsApp pelo n\u00famero (41) 3013-8973 e pelo telefone 0800 51 00 116.<\/p>\n\n\n\n<p>DETRAN \u2013 N\u00e3o haver\u00e1 expediente nas unidades de Ciretrans de todo o Estado de segunda (20) a quarta-feira (22). As atividades retornam na quinta (23), das 8h \u00e0s 14h. O Detran Paran\u00e1 lembra a possibilidade de acesso ao novo portal para diversos servi\u00e7os personalizados, assim como pelo aplicativo Detran Inteligente e pelo 0800 643 73 73.<\/p>\n\n\n\n<p>FARM\u00c1CIAS DO PARAN\u00c1 \u2013 A Sesa informa que todas as farm\u00e1cias das 22 regionais de Sa\u00fade e do CPM (Centro Psiqui\u00e1trico Metropolitano) estar\u00e3o fechadas nos dias 20 (segunda), 21 (ter\u00e7a) e 22 (per\u00edodo da manh\u00e3).Carnaval sem ass\u00e9dio: saiba como denunciar importuna\u00e7\u00f5es durante a folia<\/p>\n\n\n\n<p>HEMEPAR \u2013 No Carnaval, o Centro de Hematologia e Hemoterapia do Paran\u00e1 (Hemepar) refor\u00e7a a import\u00e2ncia da doa\u00e7\u00e3o de sangue. As unidades ter\u00e3o a seguinte escala de funcionamento:Apucarana \u2013 aberto todos os dias.Cascavel \u2013 aberto todos os dias.Campo Mour\u00e3o \u2013 fechado na segunda (20) e ter\u00e7a-feira (21). Aberto na quarta (22).Cianorte \u2013 fechado na segunda (20) e ter\u00e7a-feira (21). Aberto na quarta (22).Corn\u00e9lio Proc\u00f3pio \u2013 fechado na segunda (20) e ter\u00e7a-feira (21). Aberto na quarta (22).Curitiba \u2013 Hemepar \u2013 aberto todos os dias.Curitiba \u2013 Biobanco \u2013 fechado na segunda (20) e ter\u00e7a-feira (21). Aberto na quarta (22).Francisco Beltr\u00e3o \u2013 fechado somente na ter\u00e7a-feira (21).Foz do Igua\u00e7u \u2013 fechado somente na ter\u00e7a-feira (21).Guarapuava \u2013 aberto todos os dias.Irati \u2013 fechado na segunda (20) e ter\u00e7a-feira (21). Aberto na quarta (22).Ivaipor\u00e3 \u2013 aberto todos os dias.Jacarezinho \u2013 fechado na segunda (20) e ter\u00e7a-feira (21).Maring\u00e1 \u2013 fechado na segunda (20) e ter\u00e7a-feira (21). Aberto na quarta (22).Londrina \u2013 fechado na segunda (20) e ter\u00e7a-feira (21). Aberto na quarta (22).Paranagu\u00e1 \u2013 fechado somente na segunda-feira (20).Paranava\u00ed \u2013 fechado somente na segunda-feira (20).Pato Branco \u2013 fechado somente na ter\u00e7a-feira (21).Ponta Grossa \u2013 fechado na segunda (20) e ter\u00e7a-feira (21). Aberto na quarta (22).Tel\u00eamaco Borba \u2013 fechado na segunda (20) e ter\u00e7a-feira (21).Toledo \u2013 fechado na segunda (20) e ter\u00e7a-feira (21).Umuarama \u2013 fechado somente na ter\u00e7a-feira (21).Uni\u00e3o da Vit\u00f3ria \u2013 aberto durante o per\u00edodo da tarde na segunda-feira (20). Fechado na ter\u00e7a-feira (21).<\/p>\n\n\n\n<p>FOMENTO PARAN\u00c1 \u2013 A Fomento Paran\u00e1 fecha na segunda (20) e ter\u00e7a-feira (21). Na quarta (22), o expediente de trabalho ser\u00e1 das 12h \u00e0s 18h.<\/p>\n\n\n\n<p>JUNTA COMERCIAL \u2013 O expediente na Jucepar ser\u00e1 interrompido na segunda (20) e ter\u00e7a-feira (21), com retomada das atividades na quarta (22), das 14h \u00e0s 17h.<\/p>\n\n\n\n<p>MUSEUS \u2013 Os museus do Estado na Capital estar\u00e3o abertos durante todo o Carnaval com in\u00fameras exposi\u00e7\u00f5es para moradores e turistas. O Museu Oscar Niemeyer (MON) abrir\u00e1, inclusive, na segunda-feira (20), tradicional dia de manuten\u00e7\u00e3o, para garantir o acesso de todos ao espa\u00e7o.Pol\u00edcia Militar d\u00e1 orienta\u00e7\u00f5es para seguran\u00e7a de quem vai viajar no Carnaval<\/p>\n\n\n\n<p>PARQUES ESTADUAIS \u2013 A maioria dos parques estaduais estar\u00e3o abertos durante todo o Carnaval. S\u00e3o eles: Parque Estadual Pico do Marumbi; Parque Estadual Rio da On\u00e7a, Parque Estadual Serra da Baitaca, Parque Estadual do Monge, Parque Estadual de Vila Velha, Parque Estadual do Cerrado, Parque Estadual do Guartel\u00e1, Parque Estadual do Lago Azul, Parque Estadual Vila Rica do Esp\u00edrito Santo; Parque Estadual de S\u00e3o Camilo; Parque Estadual Cabe\u00e7a do Cachorro, Parque Estadual Rio Guarani, Parque Estadual Pico do Paran\u00e1, Parque Estadual Salto S\u00e3o Francisco da Esperan\u00e7a, Ilha do Mel, Monumento Natural Salto S\u00e3o Jo\u00e3o, Parque Estadual Jo\u00e3o Paulo II, Parque Estadual Vit\u00f3rio Piassa, Parque Estadual do Palmito, Parque Estadual do Vale do Cod\u00f3, Parque Estadual Mata S\u00e3o Francisco, Esta\u00e7\u00e3o Ecol\u00f3gica do Caiu\u00e1.Os \u00fanicos que permanecer\u00e3o fechados s\u00e3o o Parque Estadual de Ibicatu, Parque Estadual Mata dos Godoy, Parque Estadual de Ibipor\u00e3, Parque Estadual de Campinhos e a Esta\u00e7\u00e3o Ecol\u00f3gica do Caiu\u00e1. Confira mais informa\u00e7\u00f5es sobre cada parque estadual no site do Instituto \u00c1gua e Terra.<\/p>\n\n\n\n<p>PROCON \u2013 O Departamento Estadual de Prote\u00e7\u00e3o e Defesa do Consumidor (Procon-PR) n\u00e3o ter\u00e1 atendimento ao p\u00fablico de forma presencial na segunda (20) e ter\u00e7a-feira (21), com retorno das atividades na quarta-feira (22) a partir das 14h. O atendimento online pode ser feito pelo site do Procon.<\/p>\n\n\n\n<p>RECEITA ESTADUAL \u2013 Na Receita Estadual n\u00e3o haver\u00e1 expediente na segunda (20) e ter\u00e7a-feira (21), com retorno das atividades a partir das 12h de quarta-feira (22).Governo refor\u00e7a cuidados com as crian\u00e7as durante o Carnaval e os canais de den\u00fancia<\/p>\n\n\n\n<p>SANEPAR \u2013 As Centrais de Relacionamento da Sanepar ficam fechadas na segunda (20) e ter\u00e7a-feira (21) e voltam a atender a partir de quarta-feira (22), \u00e0s 13h30. No Litoral, as Centrais de Guaratuba, Matinhos e Pontal do Paran\u00e1 estar\u00e3o abertas no s\u00e1bado (18), das 9h \u00e0s 15h. O atendimento pelo telefone 0800 200 0115 funciona 24 horas por dia, todos os dias da semana.<\/p>\n\n\n\n<p>TRANSPORTE METROPOLITANO \u2013 Os \u00f4nibus do transporte coletivo metropolitano da RMC ter\u00e3o hor\u00e1rios especiais de funcionamento das linhas durante o Carnaval. Na segunda-feira (20), haver\u00e1 uma programa\u00e7\u00e3o espec\u00edfica. Na ter\u00e7a-feira (21), as linhas funcionar\u00e3o com hor\u00e1rio de domingo, enquanto na Quarta-feira de Cinzas (22) o transporte n\u00e3o apresentar\u00e1 mudan\u00e7as significativas, com hor\u00e1rio de dias \u00fateis, mas com redu\u00e7\u00f5es pontuais no per\u00edodo da manh\u00e3. As informa\u00e7\u00f5es completas est\u00e3o dispon\u00edveis no site da Ag\u00eancia de Assuntos Metropolitanos do Paran\u00e1.(Amep). <\/p>\n\n\n\n<p>AEN<\/p>\n","protected":false},"excerpt":{"rendered":"<p>Os \u00f3rg\u00e3os, empresas e institui\u00e7\u00f5es do Governo do Estado cumprem per\u00edodo de recesso de segunda (20) a quarta-feira (22), at\u00e9 as 14 horas, com escala especial. Servi\u00e7os essenciais que n\u00e3o admitem paralisa\u00e7\u00e3o, como hospitais e delegacias de pol\u00edcia, atender\u00e3o normalmente. Os museus e diversos parques estaduais estar\u00e3o abertos ao p\u00fablico e s\u00e3o alternativas de lazer [&hellip;]<\/p>\n","protected":false},"author":2,"featured_media":43950,"comment_status":"open","ping_status":"open","sticky":false,"template":"","format":"standard","meta":{"advanced_seo_description":"","jetpack_seo_html_title":"","jetpack_seo_noindex":false,"_jetpack_memberships_contains_paid_content":false,"footnotes":""},"categories":[40],"tags":[],"class_list":{"0":"post-43949","1":"post","2":"type-post","3":"status-publish","4":"format-standard","5":"has-post-thumbnail","7":"category-destaques"},"jetpack_featured_media_url":"https:\/\/www.paranapraia.com.br\/wp-content\/uploads\/2023\/02\/externa_mon-7328-scaled.jpg","jetpack_sharing_enabled":true,"_links":{"self":[{"href":"https:\/\/www.paranapraia.com.br\/index.php\/wp-json\/wp\/v2\/posts\/43949"}],"collection":[{"href":"https:\/\/www.paranapraia.com.br\/index.php\/wp-json\/wp\/v2\/posts"}],"about":[{"href":"https:\/\/www.paranapraia.com.br\/index.php\/wp-json\/wp\/v2\/types\/post"}],"author":[{"embeddable":true,"href":"https:\/\/www.paranapraia.com.br\/index.php\/wp-json\/wp\/v2\/users\/2"}],"replies":[{"embeddable":true,"href":"https:\/\/www.paranapraia.com.br\/index.php\/wp-json\/wp\/v2\/comments?post=43949"}],"version-history":[{"count":1,"href":"https:\/\/www.paranapraia.com.br\/index.php\/wp-json\/wp\/v2\/posts\/43949\/revisions"}],"predecessor-version":[{"id":43951,"href":"https:\/\/www.paranapraia.com.br\/index.php\/wp-json\/wp\/v2\/posts\/43949\/revisions\/43951"}],"wp:featuredmedia":[{"embeddable":true,"href":"https:\/\/www.paranapraia.com.br\/index.php\/wp-json\/wp\/v2\/media\/43950"}],"wp:attachment":[{"href":"https:\/\/www.paranapraia.com.br\/index.php\/wp-json\/wp\/v2\/media?parent=43949"}],"wp:term":[{"taxonomy":"category","embeddable":true,"href":"https:\/\/www.paranapraia.com.br\/index.php\/wp-json\/wp\/v2\/categories?post=43949"},{"taxonomy":"post_tag","embeddable":true,"href":"https:\/\/www.paranapraia.com.br\/index.php\/wp-json\/wp\/v2\/tags?post=43949"}],"curies":[{"name":"wp","href":"https:\/\/api.w.org\/{rel}","templated":true}]}}