{"id":43935,"date":"2023-02-17T09:14:19","date_gmt":"2023-02-17T12:14:19","guid":{"rendered":"https:\/\/www.paranapraia.com.br\/?p=43935"},"modified":"2023-02-17T09:14:20","modified_gmt":"2023-02-17T12:14:20","slug":"ultima-etapa-das-corridas-de-rua-da-sanepar-acontece-no-domingo-em-pontal-do-parana","status":"publish","type":"post","link":"https:\/\/www.paranapraia.com.br\/index.php\/2023\/02\/17\/ultima-etapa-das-corridas-de-rua-da-sanepar-acontece-no-domingo-em-pontal-do-parana\/","title":{"rendered":"\u00daltima etapa das corridas de rua da Sanepar acontece no domingo em Pontal do Paran\u00e1"},"content":{"rendered":"\n<p>Os participantes da quinta e \u00faltima etapa do Circuito de Corridas de Rua Sanepar ter\u00e3o como cen\u00e1rio de fundo o mar da Praia de Leste. A prova, que ser\u00e1 neste domingo (19) em Pontal do Paran\u00e1, teve o seu trajeto alterado para permitir que os corredores fiquem o maior tempo correndo \u00e0 beira-mar. J\u00e1 s\u00e3o mais de 800 inscritos.<\/p>\n\n\n\n<p>A largada ocorrer\u00e1 na Avenida Teixeira Neto, em frente ao n\u00famero 80. A partir das 7 horas, saem os corredores das categorias feminino e masculino de 5 km e 10 km. \u00c0s 8h30, tem a largada kids e a caminhada.<\/p>\n\n\n\n<p>Esta etapa encerra o circuito Corridas Sanepar no Litoral, que faz parte das comemora\u00e7\u00f5es dos 60 anos da Companhia. As corridas anteriores foram em Curitiba, Guaratuba, Matinhos e Morretes. A previs\u00e3o \u00e9 que as provas sejam estendidas para outras regi\u00f5es do Estado ainda no primeiro semestre.Ao promover o circuito Corridas Sanepar, a Companhia visa estimular a pr\u00e1tica esportiva para melhorar a sa\u00fade f\u00edsica e mental da comunidade. <\/p>\n\n\n\n<p>\u201cEssa atividade est\u00e1 ligada \u00e0 miss\u00e3o da Sanepar de promover sa\u00fade p\u00fablica com os servi\u00e7os de saneamento\u201d, afirma o diretor-presidente da empresa, Claudio Stabile.<\/p>\n\n\n\n<p>AEN<\/p>\n","protected":false},"excerpt":{"rendered":"<p>Os participantes da quinta e \u00faltima etapa do Circuito de Corridas de Rua Sanepar ter\u00e3o como cen\u00e1rio de fundo o mar da Praia de Leste. A prova, que ser\u00e1 neste domingo (19) em Pontal do Paran\u00e1, teve o seu trajeto alterado para permitir que os corredores fiquem o maior tempo correndo \u00e0 beira-mar. J\u00e1 s\u00e3o [&hellip;]<\/p>\n","protected":false},"author":2,"featured_media":43936,"comment_status":"open","ping_status":"open","sticky":false,"template":"","format":"standard","meta":{"advanced_seo_description":"","jetpack_seo_html_title":"","jetpack_seo_noindex":false,"_jetpack_memberships_contains_paid_content":false,"footnotes":""},"categories":[40],"tags":[],"class_list":{"0":"post-43935","1":"post","2":"type-post","3":"status-publish","4":"format-standard","5":"has-post-thumbnail","7":"category-destaques"},"jetpack_featured_media_url":"https:\/\/www.paranapraia.com.br\/wp-content\/uploads\/2023\/02\/pontal_do_parana-1_aen-scaled.jpg","jetpack_sharing_enabled":true,"_links":{"self":[{"href":"https:\/\/www.paranapraia.com.br\/index.php\/wp-json\/wp\/v2\/posts\/43935"}],"collection":[{"href":"https:\/\/www.paranapraia.com.br\/index.php\/wp-json\/wp\/v2\/posts"}],"about":[{"href":"https:\/\/www.paranapraia.com.br\/index.php\/wp-json\/wp\/v2\/types\/post"}],"author":[{"embeddable":true,"href":"https:\/\/www.paranapraia.com.br\/index.php\/wp-json\/wp\/v2\/users\/2"}],"replies":[{"embeddable":true,"href":"https:\/\/www.paranapraia.com.br\/index.php\/wp-json\/wp\/v2\/comments?post=43935"}],"version-history":[{"count":1,"href":"https:\/\/www.paranapraia.com.br\/index.php\/wp-json\/wp\/v2\/posts\/43935\/revisions"}],"predecessor-version":[{"id":43937,"href":"https:\/\/www.paranapraia.com.br\/index.php\/wp-json\/wp\/v2\/posts\/43935\/revisions\/43937"}],"wp:featuredmedia":[{"embeddable":true,"href":"https:\/\/www.paranapraia.com.br\/index.php\/wp-json\/wp\/v2\/media\/43936"}],"wp:attachment":[{"href":"https:\/\/www.paranapraia.com.br\/index.php\/wp-json\/wp\/v2\/media?parent=43935"}],"wp:term":[{"taxonomy":"category","embeddable":true,"href":"https:\/\/www.paranapraia.com.br\/index.php\/wp-json\/wp\/v2\/categories?post=43935"},{"taxonomy":"post_tag","embeddable":true,"href":"https:\/\/www.paranapraia.com.br\/index.php\/wp-json\/wp\/v2\/tags?post=43935"}],"curies":[{"name":"wp","href":"https:\/\/api.w.org\/{rel}","templated":true}]}}