{"id":43932,"date":"2023-02-16T20:59:40","date_gmt":"2023-02-16T23:59:40","guid":{"rendered":"https:\/\/www.paranapraia.com.br\/?p=43932"},"modified":"2023-02-16T20:59:41","modified_gmt":"2023-02-16T23:59:41","slug":"administracao-municipal-promove-reuniao-sobre-equipamentos-do-suas-em-matinhos","status":"publish","type":"post","link":"https:\/\/www.paranapraia.com.br\/index.php\/2023\/02\/16\/administracao-municipal-promove-reuniao-sobre-equipamentos-do-suas-em-matinhos\/","title":{"rendered":"Administra\u00e7\u00e3o Municipal promove reuni\u00e3o sobre equipamentos do SUAS em Matinhos"},"content":{"rendered":"\n<p>A Prefeitura de Matinhos, por meio da Secretaria Municipal de Assist\u00eancia Social, est\u00e1 cada vez mais pr\u00f3ximo da comunidade. Foi realizada na \u00faltima quarta-feira (15) uma reuni\u00e3o com as entidades de Matinhos. A pauta do encontro foi para estreitar contatos e tirar d\u00favidas sobre os servi\u00e7os pertinentes aos equipamentos do SUAS. <\/p>\n\n\n\n<p> Quais equipamentos pertencem \u00e0 Assist\u00eancia Social: CCP, CRAS Mangue, CRAS Albatroz, CCI Banho Mar, CCI Bom Retiro, CCI Gaivotas, CREAS, Casa Bom Samaritano, SCFV-PETI e Abrigo Institucional. Foi explicado o que cada equipamento atende a extens\u00e3o do atendimento e quais servi\u00e7os.<\/p>\n\n\n\n<p> O que \u00e9 o Cadastro \u00danico: base de dados para identificar e conhecer as pessoas e fam\u00edlias mais vulner\u00e1veis, podendo participar de programas sociais do governo federal, estadual e municipal, como: auxilio brasil, BPC, tarifa social de energia el\u00e9trica, leite das crian\u00e7as, cart\u00e3o comida boa, cesta vida e tamb\u00e9m cursos gratuitos no CCP.<\/p>\n\n\n\n<p> Como funciona o CCP: um espa\u00e7o resgatado e reinaugurado em Junho de 2022 sendo devolvido ao cidad\u00e3o Matinhense para realizar cursos de qualifica\u00e7\u00e3o e especializa\u00e7\u00e3o para a atua\u00e7\u00e3o profissional. Faz parcerias com o SENAC, SENAR e Profissionais do \u00d3rg\u00e3o P\u00fablico.<\/p>\n\n\n\n<p> Confer\u00eancia Municipal da Assist\u00eancia Social: Neste ano vai acontecer a Confer\u00eancia Municipal, que s\u00e3o inst\u00e2ncias que tem por atribui\u00e7\u00f5es e avalia\u00e7\u00e3o da pol\u00edtica de assist\u00eancia social e a defini\u00e7\u00e3o de diretrizes para o aprimoramento do SUAS.<\/p>\n\n\n\n<p> Abrigo Institucional: um servi\u00e7o de Prote\u00e7\u00e3o Social Especial de Alta Complexidade do SUAS.<\/p>\n\n\n\n<p> Cesta Vida: que est\u00e1 em transi\u00e7\u00e3o para o Cart\u00e3o Dignidade que \u00e9 um compromisso do gestor municipal, promover dignidade nas escolhas do produto da cesta.<\/p>\n\n\n\n<p>Entidades que estiveram presentes: Bom Sucesso representado por Lucimara da Silva Ribeiro, Jamail-mar por Jos\u00e9 Augusto, Rede Feminina de Combate ao C\u00e2ncer por Andr\u00e9a da Ressurrei\u00e7\u00e3o, Costa Azul por Jaqueline Maciel, Willian Dias Santana, Kelly de Paula e Odair Americo, Pastoral da Crian\u00e7a por Nilda Ribeiro e Ivani Almeida Jholek, Gaivotas por Cassiele de Farias, Ester de Jesus Tim\u00f3teo dos Santos e Claudete Freire, Associa\u00e7\u00e3o Currais por F\u00e1bio de Souza Rafael, Jardim Paskualle por Rita Maria F. dos Santos, Albatroz por Vanessa Gon\u00e7alves, Juliane Correa, F\u00e1tima Aparecida Daniel e Ad\u00e9lia Fiuza Ribeiro, Perequ\u00ea por Ros\u00e9lia Cristina, representante e acessora da vereadora N\u00edvea Gurski, Rosilaine Vinharski, Equipes da gest\u00e3o da Assist\u00eancia Social, coordenadora do CRAS e representantes.<\/p>\n\n\n\n<p>Assessoria<\/p>\n","protected":false},"excerpt":{"rendered":"<p>A Prefeitura de Matinhos, por meio da Secretaria Municipal de Assist\u00eancia Social, est\u00e1 cada vez mais pr\u00f3ximo da comunidade. Foi realizada na \u00faltima quarta-feira (15) uma reuni\u00e3o com as entidades de Matinhos. A pauta do encontro foi para estreitar contatos e tirar d\u00favidas sobre os servi\u00e7os pertinentes aos equipamentos do SUAS. Quais equipamentos pertencem \u00e0 [&hellip;]<\/p>\n","protected":false},"author":2,"featured_media":43933,"comment_status":"open","ping_status":"open","sticky":false,"template":"","format":"standard","meta":{"advanced_seo_description":"","jetpack_seo_html_title":"","jetpack_seo_noindex":false,"_jetpack_memberships_contains_paid_content":false,"footnotes":""},"categories":[88],"tags":[],"class_list":{"0":"post-43932","1":"post","2":"type-post","3":"status-publish","4":"format-standard","5":"has-post-thumbnail","7":"category-matinhos"},"jetpack_featured_media_url":"https:\/\/www.paranapraia.com.br\/wp-content\/uploads\/2023\/02\/331755433_1179512296102745_1742217135000240234_n.jpg","jetpack_sharing_enabled":true,"_links":{"self":[{"href":"https:\/\/www.paranapraia.com.br\/index.php\/wp-json\/wp\/v2\/posts\/43932"}],"collection":[{"href":"https:\/\/www.paranapraia.com.br\/index.php\/wp-json\/wp\/v2\/posts"}],"about":[{"href":"https:\/\/www.paranapraia.com.br\/index.php\/wp-json\/wp\/v2\/types\/post"}],"author":[{"embeddable":true,"href":"https:\/\/www.paranapraia.com.br\/index.php\/wp-json\/wp\/v2\/users\/2"}],"replies":[{"embeddable":true,"href":"https:\/\/www.paranapraia.com.br\/index.php\/wp-json\/wp\/v2\/comments?post=43932"}],"version-history":[{"count":1,"href":"https:\/\/www.paranapraia.com.br\/index.php\/wp-json\/wp\/v2\/posts\/43932\/revisions"}],"predecessor-version":[{"id":43934,"href":"https:\/\/www.paranapraia.com.br\/index.php\/wp-json\/wp\/v2\/posts\/43932\/revisions\/43934"}],"wp:featuredmedia":[{"embeddable":true,"href":"https:\/\/www.paranapraia.com.br\/index.php\/wp-json\/wp\/v2\/media\/43933"}],"wp:attachment":[{"href":"https:\/\/www.paranapraia.com.br\/index.php\/wp-json\/wp\/v2\/media?parent=43932"}],"wp:term":[{"taxonomy":"category","embeddable":true,"href":"https:\/\/www.paranapraia.com.br\/index.php\/wp-json\/wp\/v2\/categories?post=43932"},{"taxonomy":"post_tag","embeddable":true,"href":"https:\/\/www.paranapraia.com.br\/index.php\/wp-json\/wp\/v2\/tags?post=43932"}],"curies":[{"name":"wp","href":"https:\/\/api.w.org\/{rel}","templated":true}]}}