{"id":43929,"date":"2023-02-16T20:57:26","date_gmt":"2023-02-16T23:57:26","guid":{"rendered":"https:\/\/www.paranapraia.com.br\/?p=43929"},"modified":"2023-02-16T20:57:27","modified_gmt":"2023-02-16T23:57:27","slug":"pcpr-na-comunidade-oferece-servicos-a-populacao-de-matinhos-durante-o-carnaval","status":"publish","type":"post","link":"https:\/\/www.paranapraia.com.br\/index.php\/2023\/02\/16\/pcpr-na-comunidade-oferece-servicos-a-populacao-de-matinhos-durante-o-carnaval\/","title":{"rendered":"PCPR na Comunidade oferece servi\u00e7os \u00e0 popula\u00e7\u00e3o de Matinhos durante o Carnaval"},"content":{"rendered":"\n<p>A Pol\u00edcia Civil do Paran\u00e1 (PCPR) levar\u00e1 servi\u00e7os \u00e0 popula\u00e7\u00e3o de Matinhos, no Litoral, durante o Carnaval. A iniciativa faz parte do projeto PCPR na Comunidade e leva orienta\u00e7\u00f5es sobre preven\u00e7\u00e3o, den\u00fancias e quais as medidas que podem ser tomadas ao ser v\u00edtima de um crime, como fazer registro de Boletim de Ocorr\u00eancia (BO). A iniciativa faz parte das a\u00e7\u00f5es da Pol\u00edcia Civil durante o Ver\u00e3o Maior Paran\u00e1.<\/p>\n\n\n\n<p>Os policiais civis v\u00e3o ainda disponibilizar atividades l\u00fadicas para as crian\u00e7as e ser\u00e3o promovidas apresenta\u00e7\u00f5es dos c\u00e3es da Divis\u00e3o Estadual de Narc\u00f3ticos da PCPR (Denarc) e dos equipamentos do grupo T\u00e1tico Integrado de Grupos de Repress\u00e3o Especial (Tigre), para que a comunidade conhe\u00e7a mais o trabalho realizado pela institui\u00e7\u00e3o.<\/p>\n\n\n\n<p>A instala\u00e7\u00e3o da PCPR fica no cal\u00e7ad\u00e3o da Rua Apucarana, n\u00famero 40, aberta das 10h \u00e0s 15h a partir deste s\u00e1bado (18) e at\u00e9 ter\u00e7a-feira (21).<\/p>\n\n\n\n<p>O projeto tem o objetivo de levar informa\u00e7\u00f5es, promover atendimento humanizado, aproximar a PCPR da popula\u00e7\u00e3o, auxiliar na identifica\u00e7\u00e3o de poss\u00edveis v\u00edtimas e conclus\u00e3o de investiga\u00e7\u00f5es. Tamb\u00e9m objetiva fortalecer a efici\u00eancia na presta\u00e7\u00e3o do servi\u00e7o p\u00fablico e representar a institui\u00e7\u00e3o em atividades sociais.<\/p>\n\n\n\n<p><strong>VER\u00c3O MAIOR PARAN\u00c1\u00a0<\/strong>\u2013O Ver\u00e3o Maior Paran\u00e1 reuniu uma s\u00e9rie de a\u00e7\u00f5es voltadas aos veranistas e moradores dos munic\u00edpios do Litoral, al\u00e9m de Porto Rico e S\u00e3o Pedro do Paran\u00e1, no Noroeste, como atividades esportivas e de lazer, aulas de gin\u00e1stica, dan\u00e7a, caminhadas, recrea\u00e7\u00e3o infantil, shows, torneios e eventos esportivos, al\u00e9m de outras pr\u00e1ticas relacionadas ao entretenimento. O refor\u00e7o de policiamento nesses locais continua at\u00e9 o fim do Carnaval.<\/p>\n\n\n\n<p>AEN<\/p>\n","protected":false},"excerpt":{"rendered":"<p>A Pol\u00edcia Civil do Paran\u00e1 (PCPR) levar\u00e1 servi\u00e7os \u00e0 popula\u00e7\u00e3o de Matinhos, no Litoral, durante o Carnaval. A iniciativa faz parte do projeto PCPR na Comunidade e leva orienta\u00e7\u00f5es sobre preven\u00e7\u00e3o, den\u00fancias e quais as medidas que podem ser tomadas ao ser v\u00edtima de um crime, como fazer registro de Boletim de Ocorr\u00eancia (BO). A [&hellip;]<\/p>\n","protected":false},"author":2,"featured_media":43930,"comment_status":"open","ping_status":"open","sticky":false,"template":"","format":"standard","meta":{"advanced_seo_description":"","jetpack_seo_html_title":"","jetpack_seo_noindex":false,"_jetpack_memberships_contains_paid_content":false,"footnotes":""},"categories":[40],"tags":[],"class_list":{"0":"post-43929","1":"post","2":"type-post","3":"status-publish","4":"format-standard","5":"has-post-thumbnail","7":"category-destaques"},"jetpack_featured_media_url":"https:\/\/www.paranapraia.com.br\/wp-content\/uploads\/2023\/02\/whatsapp_image_2023-02-16_at_16.59.48.jpg","jetpack_sharing_enabled":true,"_links":{"self":[{"href":"https:\/\/www.paranapraia.com.br\/index.php\/wp-json\/wp\/v2\/posts\/43929"}],"collection":[{"href":"https:\/\/www.paranapraia.com.br\/index.php\/wp-json\/wp\/v2\/posts"}],"about":[{"href":"https:\/\/www.paranapraia.com.br\/index.php\/wp-json\/wp\/v2\/types\/post"}],"author":[{"embeddable":true,"href":"https:\/\/www.paranapraia.com.br\/index.php\/wp-json\/wp\/v2\/users\/2"}],"replies":[{"embeddable":true,"href":"https:\/\/www.paranapraia.com.br\/index.php\/wp-json\/wp\/v2\/comments?post=43929"}],"version-history":[{"count":1,"href":"https:\/\/www.paranapraia.com.br\/index.php\/wp-json\/wp\/v2\/posts\/43929\/revisions"}],"predecessor-version":[{"id":43931,"href":"https:\/\/www.paranapraia.com.br\/index.php\/wp-json\/wp\/v2\/posts\/43929\/revisions\/43931"}],"wp:featuredmedia":[{"embeddable":true,"href":"https:\/\/www.paranapraia.com.br\/index.php\/wp-json\/wp\/v2\/media\/43930"}],"wp:attachment":[{"href":"https:\/\/www.paranapraia.com.br\/index.php\/wp-json\/wp\/v2\/media?parent=43929"}],"wp:term":[{"taxonomy":"category","embeddable":true,"href":"https:\/\/www.paranapraia.com.br\/index.php\/wp-json\/wp\/v2\/categories?post=43929"},{"taxonomy":"post_tag","embeddable":true,"href":"https:\/\/www.paranapraia.com.br\/index.php\/wp-json\/wp\/v2\/tags?post=43929"}],"curies":[{"name":"wp","href":"https:\/\/api.w.org\/{rel}","templated":true}]}}