{"id":43916,"date":"2023-02-16T14:56:40","date_gmt":"2023-02-16T17:56:40","guid":{"rendered":"https:\/\/www.paranapraia.com.br\/?p=43916"},"modified":"2023-02-16T14:56:40","modified_gmt":"2023-02-16T17:56:40","slug":"governo-reforca-cuidados-com-as-criancas-durante-o-carnaval-e-os-canais-de-denuncia","status":"publish","type":"post","link":"https:\/\/www.paranapraia.com.br\/index.php\/2023\/02\/16\/governo-reforca-cuidados-com-as-criancas-durante-o-carnaval-e-os-canais-de-denuncia\/","title":{"rendered":"Governo refor\u00e7a cuidados com as crian\u00e7as durante o Carnaval e os canais de den\u00fancia"},"content":{"rendered":"\n<p>O Carnaval \u00e9 um per\u00edodo de divers\u00e3o e de folga, mas \u00e9 tamb\u00e9m o momento de redobrar a aten\u00e7\u00e3o com crian\u00e7as e adolescentes. De acordo com dados do Minist\u00e9rio dos Direitos Humanos e Cidadania, neste per\u00edodo os registros de crimes de viola\u00e7\u00f5es de direitos em \u00e1reas como abusos e trabalho infantil registram alta de at\u00e9 20%.<\/p>\n\n\n\n<p>Para auxiliar os respons\u00e1veis com esses cuidados, o Governo do Paran\u00e1, por meio da Secretaria do Desenvolvimento Social e Fam\u00edlia,\u00a0publica nas redes de sociais alerta e dicas\u00a0para os paranaenses sobre a quest\u00e3o de abuso sexual e tamb\u00e9m de trabalho infantil, j\u00e1 que este segundo item, chega a registrar aumento de 38% no Carnaval. O mote do post \u00e9 &#8220;Folia tem limite, proteja as crian\u00e7as&#8221;.<\/p>\n\n\n\n<p>\u201c\u00c9 preciso ficar alerta. Muitas vezes, viajamos com familiares, amigos e conhecidos e acabamos relaxando nos cuidados por estarmos cercados de pessoas de confian\u00e7a, por\u00e9m, mais da metade de casos de abuso, ocorrem dentro de casa, por exemplo. Claro que n\u00e3o queremos que os pais desconfiem de tudo e de todos, mas nestes momentos de relaxamento, os cuidados devem ser intensos\u201d, diz a coordenadora de Pol\u00edticas P\u00fablicas para Crian\u00e7as e Adolescentes da Secretaria do Desenvolvimento Social e Fam\u00edlia, Juliana Sabbag.<\/p>\n\n\n\n<p>Ela tamb\u00e9m observa que as pessoas t\u00eam d\u00favidas do que caracteriza o trabalho infantil. \u201cTudo aquilo que uma crian\u00e7a faz em substitui\u00e7\u00e3o a um adulto \u00e9 trabalho infantil. No Carnaval, a maior incid\u00eancia que temos \u00e9 de crian\u00e7as juntando recicl\u00e1veis, fazendo jardim, trabalhando como diarista, atendendo nas praias e tantos outros\u201d, explica.<\/p>\n\n\n\n<p>No Brasil, o trabalho \u00e9 proibido para menores de 16 anos, com exce\u00e7\u00e3o quando o adolescente \u00e9 aprendiz, podendo neste caso, trabalhar a partir dos 14 anos de idade. Dos 16 aos 18 anos, jovens e adolescentes podem trabalhar se n\u00e3o estiverem expostos a insalubridade, trabalho noturno, ou qualquer atividade que possa prejudicar seu desempenho escolar.<\/p>\n\n\n\n<p>Ao verificar alguma situa\u00e7\u00e3o de viola\u00e7\u00e3o de direitos, a popula\u00e7\u00e3o pode denunciar por meio do 181 disque den\u00fancia e o site&nbsp;<strong><a href=\"https:\/\/www.181.pr.gov.br\/\" target=\"_blank\" rel=\"noreferrer noopener\">www.181.pr.gov.br<\/a><\/strong>&nbsp;e toda den\u00fancia \u00e9 an\u00f4nima. As for\u00e7as policiais tamb\u00e9m poder ser acionadas.<\/p>\n\n\n\n<p><strong>SINAIS DE ALERTA<\/strong><\/p>\n\n\n\n<p>Quando passam por situa\u00e7\u00f5es de abuso, as crian\u00e7as e adolescentes passam a presentar mudan\u00e7as de comportamentos. \u00c9 preciso ficar atentos a alguns sinais:<\/p>\n\n\n\n<p>&#8211; N\u00e3o querer ficar perto de algu\u00e9m;<\/p>\n\n\n\n<p>&#8211; Apresentar rea\u00e7\u00f5es de medo;<\/p>\n\n\n\n<p>&#8211; Ficar triste e distante dos familiares;<\/p>\n\n\n\n<p>&#8211; Mudan\u00e7as bruscas de comportamento: crian\u00e7a se torna mais agressiva ou quieta e triste;<\/p>\n\n\n\n<p>&#8211; Regress\u00e3o de comportamento: voltar a usar fraldas, fazer xixi na cama, crises de choro;<\/p>\n\n\n\n<p>&#8211; Comportamento sexualizado, inadequado para a idade.<\/p>\n\n\n\n<p>AEN<\/p>\n","protected":false},"excerpt":{"rendered":"<p>O Carnaval \u00e9 um per\u00edodo de divers\u00e3o e de folga, mas \u00e9 tamb\u00e9m o momento de redobrar a aten\u00e7\u00e3o com crian\u00e7as e adolescentes. De acordo com dados do Minist\u00e9rio dos Direitos Humanos e Cidadania, neste per\u00edodo os registros de crimes de viola\u00e7\u00f5es de direitos em \u00e1reas como abusos e trabalho infantil registram alta de at\u00e9 [&hellip;]<\/p>\n","protected":false},"author":2,"featured_media":43917,"comment_status":"open","ping_status":"open","sticky":false,"template":"","format":"standard","meta":{"advanced_seo_description":"","jetpack_seo_html_title":"","jetpack_seo_noindex":false,"_jetpack_memberships_contains_paid_content":false,"footnotes":""},"categories":[40],"tags":[],"class_list":{"0":"post-43916","1":"post","2":"type-post","3":"status-publish","4":"format-standard","5":"has-post-thumbnail","7":"category-destaques"},"jetpack_featured_media_url":"https:\/\/www.paranapraia.com.br\/wp-content\/uploads\/2023\/02\/1_carnaval23_crianca_1_0.jpg","jetpack_sharing_enabled":true,"_links":{"self":[{"href":"https:\/\/www.paranapraia.com.br\/index.php\/wp-json\/wp\/v2\/posts\/43916"}],"collection":[{"href":"https:\/\/www.paranapraia.com.br\/index.php\/wp-json\/wp\/v2\/posts"}],"about":[{"href":"https:\/\/www.paranapraia.com.br\/index.php\/wp-json\/wp\/v2\/types\/post"}],"author":[{"embeddable":true,"href":"https:\/\/www.paranapraia.com.br\/index.php\/wp-json\/wp\/v2\/users\/2"}],"replies":[{"embeddable":true,"href":"https:\/\/www.paranapraia.com.br\/index.php\/wp-json\/wp\/v2\/comments?post=43916"}],"version-history":[{"count":1,"href":"https:\/\/www.paranapraia.com.br\/index.php\/wp-json\/wp\/v2\/posts\/43916\/revisions"}],"predecessor-version":[{"id":43918,"href":"https:\/\/www.paranapraia.com.br\/index.php\/wp-json\/wp\/v2\/posts\/43916\/revisions\/43918"}],"wp:featuredmedia":[{"embeddable":true,"href":"https:\/\/www.paranapraia.com.br\/index.php\/wp-json\/wp\/v2\/media\/43917"}],"wp:attachment":[{"href":"https:\/\/www.paranapraia.com.br\/index.php\/wp-json\/wp\/v2\/media?parent=43916"}],"wp:term":[{"taxonomy":"category","embeddable":true,"href":"https:\/\/www.paranapraia.com.br\/index.php\/wp-json\/wp\/v2\/categories?post=43916"},{"taxonomy":"post_tag","embeddable":true,"href":"https:\/\/www.paranapraia.com.br\/index.php\/wp-json\/wp\/v2\/tags?post=43916"}],"curies":[{"name":"wp","href":"https:\/\/api.w.org\/{rel}","templated":true}]}}