{"id":43905,"date":"2023-02-16T12:06:34","date_gmt":"2023-02-16T15:06:34","guid":{"rendered":"https:\/\/www.paranapraia.com.br\/?p=43905"},"modified":"2023-02-16T12:06:35","modified_gmt":"2023-02-16T15:06:35","slug":"gratificacao-a-diretores-que-reduzirem-abandono-escolar-chegara-aos-colegios-menores","status":"publish","type":"post","link":"https:\/\/www.paranapraia.com.br\/index.php\/2023\/02\/16\/gratificacao-a-diretores-que-reduzirem-abandono-escolar-chegara-aos-colegios-menores\/","title":{"rendered":"Gratifica\u00e7\u00e3o a diretores que reduzirem abandono escolar chegar\u00e1 aos col\u00e9gios menores"},"content":{"rendered":"\n<p>A gratifica\u00e7\u00e3o paga pelo Governo do Estado a diretores e diretores-auxiliares que mant\u00eam uma boa m\u00e9dia na frequ\u00eancia escolar passar\u00e1 a atender todos os col\u00e9gios da rede estadual do Paran\u00e1, incluindo os menores, com at\u00e9 150 estudantes matriculados, o que atinge principalmente as escolas do campo. O an\u00fancio foi feito nesta quinta-feira (16) pelo governador Carlos Massa Ratinho Junior durante o Semin\u00e1rio de Diretores Escolares, que acontece em Foz do Igua\u00e7u, no Oeste do Paran\u00e1.<\/p>\n\n\n\n<p><div>\u201cEsta foi mais uma estrat\u00e9gia que criamos para melhorar os \u00edndices educacionais do Paran\u00e1 e para manter o aluno dentro da escola, que \u00e9 onde ele deve estar\u201d, afirmou o governador. \u201cTrabalhamos de forma muito pr\u00f3xima com os diretores, educadores e toda a equipe pedag\u00f3gica. Nossa preocupa\u00e7\u00e3o \u00e9 criar um bom curr\u00edculo escolar para os estudantes, para que eles possam se tornar bons cidad\u00e3os no futuro\u201d.<\/div><\/p>\n\n\n\n<p>Neste ano, a Secretaria de Estado da Educa\u00e7\u00e3o vai destinar R$ 20 milh\u00f5es para o pagamento do b\u00f4nus, condicionado \u00e0 frequ\u00eancia dos estudantes. O projeto acontece desde maio de 2022 e contemplava col\u00e9gios onde a frequ\u00eancia dos estudantes era maior ou igual a 85% e que tinham a partir de 150 matr\u00edculas.Agora, col\u00e9gios com menos de 150 alunos tamb\u00e9m poder\u00e3o participar do projeto, o que possibilitar\u00e1 que o recurso chegue aos diretores de escolas do campo. De acordo com a pasta, s\u00e3o cerca de 540 col\u00e9gios deste porte no Estado, 70% deles no campo.<\/p>\n\n\n\n<p><div>\u201cHavia uma reivindica\u00e7\u00e3o dessas escolas para tamb\u00e9m serem atendidas por essa iniciativa. Ent\u00e3o estamos encaminhando um projeto de lei para a Assembleia Legislativa para atender os diretores de escolas de menor porte\u201d, explicou o secret\u00e1rio estadual da Educa\u00e7\u00e3o, Roni Miranda.O valor pago aos diretores, que ainda est\u00e1 sendo definido, \u00e9 gradativo, de acordo com o n\u00famero de estudantes matriculados e com o grupo de frequ\u00eancia em que a escola se enquadra. A gratifica\u00e7\u00e3o se soma ao sal\u00e1rio mensal dos gestores, mas n\u00e3o \u00e9 incorpor\u00e1vel na inatividade e tamb\u00e9m n\u00e3o incide sobre contribui\u00e7\u00e3o previdenci\u00e1ria, f\u00e9rias e outras vantagens.<\/div><\/p>\n\n\n\n<p>CRIT\u00c9RIOS \u2013 A premissa para condicionar o b\u00f4nus \u00e0 frequ\u00eancia foi constru\u00edda a partir de pesquisas acad\u00eamicas. Em v\u00e1rios pa\u00edses, a frequ\u00eancia escolar \u00e9 o indicativo mais s\u00f3lido para mensurar a qualidade da aprendizagem e o clima escolar.<\/p>\n\n\n\n<p>De acordo com o projeto de lei que criou o benef\u00edcio, o objetivo da proposta \u00e9 valorizar os profissionais que representam os gestores escolares como lideran\u00e7as pedag\u00f3gicas e administrativas das institui\u00e7\u00f5es de ensino da rede estadual do Paran\u00e1.<\/p>\n\n\n\n<p>Al\u00e9m disso, a proposta de manter uma boa frequ\u00eancia busca estimular e incentivar os gestores das institui\u00e7\u00f5es de ensino na implementa\u00e7\u00e3o de pol\u00edticas contra o abandono escolar, o que contribuir\u00e1 para garantir a presen\u00e7a do estudante na escola. Isso tamb\u00e9m d\u00e1 mais qualidade na aprendizagem do estudante, al\u00e9m de recuperar o papel das escolas no local em que est\u00e1 inserida, j\u00e1 que os reflexos s\u00e3o percebidos em toda a comunidade escolar.<\/p>\n\n\n\n<p>A Escola Estadual Jorge de Lima, de Salto do Lontra, no Sudoeste do Estado, tem um trabalho muito pr\u00f3ximo com todo o coletivo escolar, especialmente com a equipe pedag\u00f3gica, para fazer o controle di\u00e1rio da frequ\u00eancia.<\/p>\n\n\n\n<p>\u201cOs professores nos repassam j\u00e1 na primeira aula os alunos faltantes e a equipe diretiva j\u00e1 envia um recado para confirmar o motivo. O ponto de partida para o trabalho de aprendizagem \u00e9 a frequ\u00eancia do aluno, para fazer com que ele esteja na escola todos os dias\u201d, contou a diretora Vanessa Cristina Raquelli. \u201cPor isso acho muito importante ter uma valoriza\u00e7\u00e3o quando fazemos esse trabalho de trazer o aluno para a escola\u201d.<\/p>\n\n\n\n<p>AEN<\/p>\n","protected":false},"excerpt":{"rendered":"<p>A gratifica\u00e7\u00e3o paga pelo Governo do Estado a diretores e diretores-auxiliares que mant\u00eam uma boa m\u00e9dia na frequ\u00eancia escolar passar\u00e1 a atender todos os col\u00e9gios da rede estadual do Paran\u00e1, incluindo os menores, com at\u00e9 150 estudantes matriculados, o que atinge principalmente as escolas do campo. O an\u00fancio foi feito nesta quinta-feira (16) pelo governador [&hellip;]<\/p>\n","protected":false},"author":2,"featured_media":43906,"comment_status":"open","ping_status":"open","sticky":false,"template":"","format":"standard","meta":{"advanced_seo_description":"","jetpack_seo_html_title":"","jetpack_seo_noindex":false,"_jetpack_memberships_contains_paid_content":false,"footnotes":""},"categories":[72],"tags":[],"class_list":{"0":"post-43905","1":"post","2":"type-post","3":"status-publish","4":"format-standard","5":"has-post-thumbnail","7":"category-educacao"},"jetpack_featured_media_url":"https:\/\/www.paranapraia.com.br\/wp-content\/uploads\/2023\/02\/bonus_para_diretores0006_.jpg","jetpack_sharing_enabled":true,"_links":{"self":[{"href":"https:\/\/www.paranapraia.com.br\/index.php\/wp-json\/wp\/v2\/posts\/43905"}],"collection":[{"href":"https:\/\/www.paranapraia.com.br\/index.php\/wp-json\/wp\/v2\/posts"}],"about":[{"href":"https:\/\/www.paranapraia.com.br\/index.php\/wp-json\/wp\/v2\/types\/post"}],"author":[{"embeddable":true,"href":"https:\/\/www.paranapraia.com.br\/index.php\/wp-json\/wp\/v2\/users\/2"}],"replies":[{"embeddable":true,"href":"https:\/\/www.paranapraia.com.br\/index.php\/wp-json\/wp\/v2\/comments?post=43905"}],"version-history":[{"count":1,"href":"https:\/\/www.paranapraia.com.br\/index.php\/wp-json\/wp\/v2\/posts\/43905\/revisions"}],"predecessor-version":[{"id":43907,"href":"https:\/\/www.paranapraia.com.br\/index.php\/wp-json\/wp\/v2\/posts\/43905\/revisions\/43907"}],"wp:featuredmedia":[{"embeddable":true,"href":"https:\/\/www.paranapraia.com.br\/index.php\/wp-json\/wp\/v2\/media\/43906"}],"wp:attachment":[{"href":"https:\/\/www.paranapraia.com.br\/index.php\/wp-json\/wp\/v2\/media?parent=43905"}],"wp:term":[{"taxonomy":"category","embeddable":true,"href":"https:\/\/www.paranapraia.com.br\/index.php\/wp-json\/wp\/v2\/categories?post=43905"},{"taxonomy":"post_tag","embeddable":true,"href":"https:\/\/www.paranapraia.com.br\/index.php\/wp-json\/wp\/v2\/tags?post=43905"}],"curies":[{"name":"wp","href":"https:\/\/api.w.org\/{rel}","templated":true}]}}