{"id":43902,"date":"2023-02-16T11:54:44","date_gmt":"2023-02-16T14:54:44","guid":{"rendered":"https:\/\/www.paranapraia.com.br\/?p=43902"},"modified":"2023-02-16T11:54:45","modified_gmt":"2023-02-16T14:54:45","slug":"sanepar-abre-centrais-de-relacionamento-no-sabado-de-carnaval-no-litoral","status":"publish","type":"post","link":"https:\/\/www.paranapraia.com.br\/index.php\/2023\/02\/16\/sanepar-abre-centrais-de-relacionamento-no-sabado-de-carnaval-no-litoral\/","title":{"rendered":"Sanepar abre Centrais de Relacionamento no s\u00e1bado de Carnaval no Litoral"},"content":{"rendered":"\n<p>A Sanepar ir\u00e1 abrir as Centrais de Relacionamento em Matinhos, Guaratuba e Pontal do Paran\u00e1, das 9h \u00e0s 15 horas, neste s\u00e1bado (18). Ser\u00e1 mais uma oportunidade para os clientes fazerem negocia\u00e7\u00e3o de d\u00e9bito via programa de Recupera\u00e7\u00e3o de Cr\u00e9dito Cliente Particular (Reclip) e ades\u00e3o ao programa \u00c1gua Solid\u00e1ria. No restante do Estado, as Centrais voltam a abrir na quarta-feira (22) a partir das 13h30. O atendimento pelo telefone 0800 200 0115 funciona 24 horas por dia, todos os dias da semana.<\/p>\n\n\n\n<p>O programa \u00c1gua Solid\u00e1ria beneficia fam\u00edlias de menor renda com tarifas reduzidas de \u00e1gua e de esgoto. T\u00eam direito ao \u00c1gua Solid\u00e1ria fam\u00edlias com renda de at\u00e9 meio sal\u00e1rio m\u00ednimo por pessoa, que moram em im\u00f3veis de at\u00e9 70 metros quadrados e consomem at\u00e9 2,5 mil litros de \u00e1gua por m\u00eas por pessoa.<\/p>\n\n\n\n<p>Os crit\u00e9rios para benef\u00edcio s\u00e3o: a fam\u00edlia deve morar em im\u00f3vel com \u00e1rea constru\u00edda de at\u00e9 70 metros quadrados; o consumo mensal de \u00e1gua deve ser de at\u00e9 2,5 metros c\u00fabicos por m\u00eas por residente no im\u00f3vel; e a renda da fam\u00edlia residente no im\u00f3vel ser\u00e1 de at\u00e9 meio sal\u00e1rio m\u00ednimo por pessoa.Para quem est\u00e1 com o pagamento atrasado de contas, o Reclip \u00e9 uma oportunidade de parcelamento em condi\u00e7\u00f5es bastante vantajosas. Para fazer a ades\u00e3o, \u00e9 necess\u00e1rio levar documento pessoal e documento de propriedade do im\u00f3vel ou contrato de loca\u00e7\u00e3o vigente. Mais informa\u00e7\u00f5es sobre o Reclip est\u00e3o neste site.Abertura das Centrais de Relacionamento no Litoral<\/p>\n\n\n\n<p>S\u00e1bado, dia 18, das 9h \u00e0s 15h<\/p>\n\n\n\n<p>Matinhos<\/p>\n\n\n\n<p>Rua da Fonte 264, Centro<\/p>\n\n\n\n<p>Pontal do Paran\u00e1<\/p>\n\n\n\n<p>Rodovia PR 412, 6330, Ipanema<\/p>\n\n\n\n<p>Guaratuba<\/p>\n\n\n\n<p>Av. Sete de Setembro, 19  <\/p>\n\n\n\n<p>AEN<\/p>\n","protected":false},"excerpt":{"rendered":"<p>A Sanepar ir\u00e1 abrir as Centrais de Relacionamento em Matinhos, Guaratuba e Pontal do Paran\u00e1, das 9h \u00e0s 15 horas, neste s\u00e1bado (18). Ser\u00e1 mais uma oportunidade para os clientes fazerem negocia\u00e7\u00e3o de d\u00e9bito via programa de Recupera\u00e7\u00e3o de Cr\u00e9dito Cliente Particular (Reclip) e ades\u00e3o ao programa \u00c1gua Solid\u00e1ria. No restante do Estado, as Centrais [&hellip;]<\/p>\n","protected":false},"author":2,"featured_media":43903,"comment_status":"open","ping_status":"open","sticky":false,"template":"","format":"standard","meta":{"advanced_seo_description":"","jetpack_seo_html_title":"","jetpack_seo_noindex":false,"_jetpack_memberships_contains_paid_content":false,"footnotes":""},"categories":[40],"tags":[],"class_list":{"0":"post-43902","1":"post","2":"type-post","3":"status-publish","4":"format-standard","5":"has-post-thumbnail","7":"category-destaques"},"jetpack_featured_media_url":"https:\/\/www.paranapraia.com.br\/wp-content\/uploads\/2023\/02\/pontal_do_parana-001-scaled.jpg","jetpack_sharing_enabled":true,"_links":{"self":[{"href":"https:\/\/www.paranapraia.com.br\/index.php\/wp-json\/wp\/v2\/posts\/43902"}],"collection":[{"href":"https:\/\/www.paranapraia.com.br\/index.php\/wp-json\/wp\/v2\/posts"}],"about":[{"href":"https:\/\/www.paranapraia.com.br\/index.php\/wp-json\/wp\/v2\/types\/post"}],"author":[{"embeddable":true,"href":"https:\/\/www.paranapraia.com.br\/index.php\/wp-json\/wp\/v2\/users\/2"}],"replies":[{"embeddable":true,"href":"https:\/\/www.paranapraia.com.br\/index.php\/wp-json\/wp\/v2\/comments?post=43902"}],"version-history":[{"count":1,"href":"https:\/\/www.paranapraia.com.br\/index.php\/wp-json\/wp\/v2\/posts\/43902\/revisions"}],"predecessor-version":[{"id":43904,"href":"https:\/\/www.paranapraia.com.br\/index.php\/wp-json\/wp\/v2\/posts\/43902\/revisions\/43904"}],"wp:featuredmedia":[{"embeddable":true,"href":"https:\/\/www.paranapraia.com.br\/index.php\/wp-json\/wp\/v2\/media\/43903"}],"wp:attachment":[{"href":"https:\/\/www.paranapraia.com.br\/index.php\/wp-json\/wp\/v2\/media?parent=43902"}],"wp:term":[{"taxonomy":"category","embeddable":true,"href":"https:\/\/www.paranapraia.com.br\/index.php\/wp-json\/wp\/v2\/categories?post=43902"},{"taxonomy":"post_tag","embeddable":true,"href":"https:\/\/www.paranapraia.com.br\/index.php\/wp-json\/wp\/v2\/tags?post=43902"}],"curies":[{"name":"wp","href":"https:\/\/api.w.org\/{rel}","templated":true}]}}