{"id":43899,"date":"2023-02-16T11:50:22","date_gmt":"2023-02-16T14:50:22","guid":{"rendered":"https:\/\/www.paranapraia.com.br\/?p=43899"},"modified":"2023-02-16T11:50:23","modified_gmt":"2023-02-16T14:50:23","slug":"com-escola-bonita-governo-do-parana-investira-mais-r-100-milhoes-na-educacao","status":"publish","type":"post","link":"https:\/\/www.paranapraia.com.br\/index.php\/2023\/02\/16\/com-escola-bonita-governo-do-parana-investira-mais-r-100-milhoes-na-educacao\/","title":{"rendered":"Com Escola Bonita, Governo do Paran\u00e1 investir\u00e1 mais R$ 100 milh\u00f5es na educa\u00e7\u00e3o"},"content":{"rendered":"\n<p>Em um encontro com cerca de 2 mil diretores escolares de todo o Paran\u00e1 em Foz do Igua\u00e7u nesta quinta-feira (16), o governador Carlos Massa Ratinho Junior anunciou um pacote de cerca de R$ 100 milh\u00f5es em investimentos para a revitaliza\u00e7\u00e3o das escolas da rede estadual de ensino. <\/p>\n\n\n\n<p>O montante faz parte do programa Escola Bonita, cujos recursos podem ser utilizados pelas gest\u00f5es escolares para a execu\u00e7\u00e3o de reformas ou aquisi\u00e7\u00e3o de equipamentos e mobili\u00e1rios.O objetivo \u00e9 garantir que os estudantes e os profissionais da Educa\u00e7\u00e3o tenham espa\u00e7os adequados e prop\u00edcios \u00e0 aprendizagem e ao conv\u00edvio da comunidade escolar. <\/p>\n\n\n\n<p>Este \u00e9 o terceiro lote de investimentos liberados pelo Governo do Estado no \u00e2mbito do programa. Em 2020, ocorreu o primeiro aporte, de R$ 19,2 milh\u00f5es, valor que aumentou para R$ 25 milh\u00f5es em 2022 e que, com o novo investimento anunciado agora, totaliza R$ 144,2 milh\u00f5es para melhoria dos col\u00e9gios.\u201cEstamos lan\u00e7ando a nova etapa do programa Escola Bonita, que ter\u00e1 um investimento pr\u00f3ximo de R$ 100 milh\u00f5es, para que todas as escolas possam fazer reformas, melhorar os seus refeit\u00f3rios, quadras esportivas e ampliar as salas de aula conforme necess\u00e1rio. Isso deixa o ambiente escolar mais saud\u00e1vel e adequado para receber os nossos alunos e professores para mais um ano letivo\u201d, informou o governador.<\/p>\n\n\n\n<p>Ele tamb\u00e9m destacou a avan\u00e7o da Educa\u00e7\u00e3o no Paran\u00e1. \u201cAssumimos o Estado como s\u00e9timo lugar no Ideb (\u00cdndice de Desenvolvimento da Educa\u00e7\u00e3o B\u00e1sica) e hoje o Paran\u00e1 \u00e9 reconhecido como a melhor educa\u00e7\u00e3o do Pa\u00eds. Isso \u00e9 fruto do trabalho de uni\u00e3o do Governo do Estado, professores, educadores, pedagogos, diretores e pais, que entenderam esse modelo ousado que estamos implementando na educa\u00e7\u00e3o, preparando os filhos dos paranaenses para o futuro\u201d, concluiu Ratinho Junior.<\/p>\n\n\n\n<p>AUTONOMIA \u2013 Cada diretor pode definir como utilizar os recursos de acordo com as necessidades priorit\u00e1rias espec\u00edficas das unidades escolares que gerenciam. As interven\u00e7\u00f5es incluem pinturas, reparos estruturais, melhorias nos espa\u00e7os comuns, bibliotecas, laborat\u00f3rios, quadras esportivas e p\u00e1tios, al\u00e9m de servi\u00e7os especializados de jardinagem e limpeza.O investimento \u00e9 feito pela Secretaria de Estado da Educa\u00e7\u00e3o com recursos provenientes do Instituto Paranaense de Desenvolvimento Educacional (Fundepar), \u00f3rg\u00e3o vinculado \u00e0 pasta. <\/p>\n\n\n\n<p>O trabalho integrado do Governo do Estado conta ainda com a participa\u00e7\u00e3o de equipes de engenharia da Companhia de Habita\u00e7\u00e3o do Paran\u00e1 (Cohapar) e da Paran\u00e1 Edifica\u00e7\u00f5es, respons\u00e1veis pela fiscaliza\u00e7\u00e3o das obras.Marcela Maria de Campos \u00e9 diretora do Col\u00e9gio Estadual \u00c9rico Ver\u00edssimo, de Faxinal, que j\u00e1 recebeu verbas do programa anteriormente. Ela conta que utilizou os recursos para ampliar a cozinha da escola, o que permitiu que o col\u00e9gio tamb\u00e9m se transformasse em uma unidade de ensino em tempo integral. <\/p>\n\n\n\n<p>\u201cCom o dinheiro do Escola Bonita conseguimos ampliar a cozinha, que atualmente serve 786 almo\u00e7os por dia. Quem est\u00e1 no ch\u00e3o da escola sabe a import\u00e2ncia disso. As cozinheiras t\u00eam trabalhado com o maior capricho e os alunos est\u00e3o gostando muito\u201d, relatou.Outra unidade contemplada foi a Escola Estadual Jos\u00e9 Sarmento Filho, em Iretama. Para o diretor, Vicente Moreira da Silva, o programa foi uma oportunidade de atender uma antiga demanda da comunidade escolar. \u201cEra um sonho de algum tempo fazer uma reforma geral na quadra de esportes. Tamb\u00e9m fizemos reparos na pintura geral do col\u00e9gio, entregando para os alunos um ambiente mais acolhedor\u201d, contou.Segundo o secret\u00e1rio de Estado da Educa\u00e7\u00e3o, Roni Miranda, a meta do Escola Bonita \u00e9 abranger toda a rede estadual de ensino. <\/p>\n\n\n\n<p>\u201cNesta nova etapa, o Escola Bonita vai ter uma capilaridade em que praticamente 100% das escolas que ainda n\u00e3o receberam obras ser\u00e3o reformadas. Foi um pedido que recebi dos diretores e que j\u00e1 tratamos com o governador para poder atender\u201d, garantiu.De acordo com o diretor-presidente da Fundepar, Marcelo Bueno, as unidades escolares necessitam de interven\u00e7\u00f5es constantes devido \u00e0s caracter\u00edsticas da maior parte da rede estadual. <\/p>\n\n\n\n<p>\u201cEssa verba \u00e9 basicamente para servi\u00e7os de engenharia, como reformas de parede, pisos e telhados, al\u00e9m de servi\u00e7os hidr\u00e1ulicos e el\u00e9tricos. As escolas paranaenses t\u00eam em m\u00e9dia 50 anos, ent\u00e3o elas precisam de reformas a cada tr\u00eas ou quatro anos e fazia muitos anos que n\u00e3o recebiam recursos para obras, o que gerou um desgaste maior pela falta de manuten\u00e7\u00e3o\u201d, justificou.<\/p>\n\n\n\n<p>AEN<\/p>\n","protected":false},"excerpt":{"rendered":"<p>Em um encontro com cerca de 2 mil diretores escolares de todo o Paran\u00e1 em Foz do Igua\u00e7u nesta quinta-feira (16), o governador Carlos Massa Ratinho Junior anunciou um pacote de cerca de R$ 100 milh\u00f5es em investimentos para a revitaliza\u00e7\u00e3o das escolas da rede estadual de ensino. O montante faz parte do programa Escola [&hellip;]<\/p>\n","protected":false},"author":2,"featured_media":43900,"comment_status":"open","ping_status":"open","sticky":false,"template":"","format":"standard","meta":{"advanced_seo_description":"","jetpack_seo_html_title":"","jetpack_seo_noindex":false,"_jetpack_memberships_contains_paid_content":false,"footnotes":""},"categories":[72],"tags":[],"class_list":{"0":"post-43899","1":"post","2":"type-post","3":"status-publish","4":"format-standard","5":"has-post-thumbnail","7":"category-educacao"},"jetpack_featured_media_url":"https:\/\/www.paranapraia.com.br\/wp-content\/uploads\/2023\/02\/escola_bonita0009_.jpg","jetpack_sharing_enabled":true,"_links":{"self":[{"href":"https:\/\/www.paranapraia.com.br\/index.php\/wp-json\/wp\/v2\/posts\/43899"}],"collection":[{"href":"https:\/\/www.paranapraia.com.br\/index.php\/wp-json\/wp\/v2\/posts"}],"about":[{"href":"https:\/\/www.paranapraia.com.br\/index.php\/wp-json\/wp\/v2\/types\/post"}],"author":[{"embeddable":true,"href":"https:\/\/www.paranapraia.com.br\/index.php\/wp-json\/wp\/v2\/users\/2"}],"replies":[{"embeddable":true,"href":"https:\/\/www.paranapraia.com.br\/index.php\/wp-json\/wp\/v2\/comments?post=43899"}],"version-history":[{"count":1,"href":"https:\/\/www.paranapraia.com.br\/index.php\/wp-json\/wp\/v2\/posts\/43899\/revisions"}],"predecessor-version":[{"id":43901,"href":"https:\/\/www.paranapraia.com.br\/index.php\/wp-json\/wp\/v2\/posts\/43899\/revisions\/43901"}],"wp:featuredmedia":[{"embeddable":true,"href":"https:\/\/www.paranapraia.com.br\/index.php\/wp-json\/wp\/v2\/media\/43900"}],"wp:attachment":[{"href":"https:\/\/www.paranapraia.com.br\/index.php\/wp-json\/wp\/v2\/media?parent=43899"}],"wp:term":[{"taxonomy":"category","embeddable":true,"href":"https:\/\/www.paranapraia.com.br\/index.php\/wp-json\/wp\/v2\/categories?post=43899"},{"taxonomy":"post_tag","embeddable":true,"href":"https:\/\/www.paranapraia.com.br\/index.php\/wp-json\/wp\/v2\/tags?post=43899"}],"curies":[{"name":"wp","href":"https:\/\/api.w.org\/{rel}","templated":true}]}}