{"id":43894,"date":"2023-02-16T11:38:02","date_gmt":"2023-02-16T14:38:02","guid":{"rendered":"https:\/\/www.paranapraia.com.br\/?p=43894"},"modified":"2023-02-16T11:43:00","modified_gmt":"2023-02-16T14:43:00","slug":"ensino-integral-cresce-51-na-rede-estadual-alcancando-55-mil-estudantes","status":"publish","type":"post","link":"https:\/\/www.paranapraia.com.br\/index.php\/2023\/02\/16\/ensino-integral-cresce-51-na-rede-estadual-alcancando-55-mil-estudantes\/","title":{"rendered":"Ensino integral cresce 51% na rede estadual alcan\u00e7ando 55 mil estudantes"},"content":{"rendered":"\n<p>O governador Carlos Massa Ratinho Junior destacou nesta quinta-feira (14) em Foz do Igua\u00e7u, no Oeste do Estado, a amplia\u00e7\u00e3o da educa\u00e7\u00e3o em tempo integral na rede estadual do Paran\u00e1. A partir deste ano letivo, 253 col\u00e9gios paranaenses passaram a contar com o ensino integral no fundamental e m\u00e9dio, 86 institui\u00e7\u00f5es a mais do que no ano passado, o que representa uma expans\u00e3o de 51% na rede. Com isso, 55 mil estudantes est\u00e3o sendo atendidos na modalidade.O an\u00fancio foi feito durante o Semin\u00e1rio de Diretores Escolares, que re\u00fane os dirigentes das 2,1 mil escolas da rede estadual. Na oportunidade, o governador tamb\u00e9m destacou o investimento de R$ 100 milh\u00f5es para revitaliza\u00e7\u00e3o de col\u00e9gios da rede estadual, dentro do programa Escola Bonita, e o pagamento de uma gratifica\u00e7\u00e3o a diretores e diretores-auxiliares de toda a rede estadual, condicionada \u00e0 manuten\u00e7\u00e3o da frequ\u00eancia escolar superior a 85% no ano.<\/p>\n\n\n\n<p>\u201cO Paran\u00e1 foi reconhecido como a melhor educa\u00e7\u00e3o p\u00fablica do Pa\u00eds. Isso \u00e9 fruto de um grande trabalho que envolve n\u00e3o apenas o governo, mas toda a comunidade escolar, diretores, professores, equipe pedag\u00f3gica, os pais e os alunos. Mas \u00e9 tamb\u00e9m fruto de muito investimento e inova\u00e7\u00f5es\u201d, afirmou Ratinho Junior.Uma delas, ressaltou o governador, \u00e9 a amplia\u00e7\u00e3o constante do modelo. \u201cQuando assumimos o governo, o Paran\u00e1 tinha pouco mais de 70 escolas em tempo integral, e hoje estamos iniciando o ano com mais de 250 nessa modalidade\u201d, disse. \u201cJunto \u00e0 amplia\u00e7\u00e3o dos col\u00e9gios c\u00edvico-militares, \u00e0s tr\u00eas merendas por per\u00edodo e \u00e0 melhoria da tecnologia em sala de aula, temos demonstrado o compromisso do Governo do Estado com a educa\u00e7\u00e3o p\u00fablica, valorizando o corpo t\u00e9cnico e todos os alunos\u201d.O secret\u00e1rio estadual da Educa\u00e7\u00e3o, Roni Miranda, destacou como o avan\u00e7o da modalidade na rede estadual beneficia a aprendizagem dos estudantes. \u201cA educa\u00e7\u00e3o em tempo integral traz o estudante para dentro da escola e tamb\u00e9m tem a a\u00e7\u00e3o social voltada \u00e0 aprendizagem. Ela busca a forma\u00e7\u00e3o por inteiro do indiv\u00edduo, em que o aluno tem aulas de projeto de vida, empreendedorismo e lideran\u00e7a, entre outras\u201d, explicou.<\/p>\n\n\n\n<p>EXPANS\u00c3O \u2013 O n\u00famero de escolas no modelo mais do que triplicou em quatro anos. Em 2019, o Paran\u00e1 contava com 73 unidades atendendo em per\u00edodo integral. O avan\u00e7o ocorreu mesmo ap\u00f3s a pandemia, com a expans\u00e3o sendo feita em ritmo acelerado desde a retomada das aulas. De 2021 para c\u00e1, o n\u00famero de institui\u00e7\u00f5es cresceu 175%, passando de 92 unidades para as atuais 253.Al\u00e9m da amplia\u00e7\u00e3o da modalidade, pela primeira vez est\u00e3o sendo ofertados cursos t\u00e9cnicos para a educa\u00e7\u00e3o em tempo integral. A educa\u00e7\u00e3o profissional agora est\u00e1 presente em 33 desses col\u00e9gios, com seis cursos: Administra\u00e7\u00e3o, Agroneg\u00f3cio, Desenvolvimento de Sistemas, Forma\u00e7\u00e3o de Docentes, Gastronomia e Marketing.Do ano passado para c\u00e1, o n\u00famero de munic\u00edpios com essa modalidade tamb\u00e9m aumentou, passando de 103 para 154 cidades atendidas nos 32 N\u00facleos Regionais de Educa\u00e7\u00e3o do Estado (NREs). Com a inova\u00e7\u00e3o, 106 col\u00e9gios estar\u00e3o inseridos no programa Paran\u00e1 Integral, em que todos os alunos estudam em per\u00edodo integral, e outros 147 fazem parte do Integral +, que conta com algumas turmas dentro do modelo.<\/p>\n\n\n\n<p>AEN<\/p>\n","protected":false},"excerpt":{"rendered":"<p>O governador Carlos Massa Ratinho Junior destacou nesta quinta-feira (14) em Foz do Igua\u00e7u, no Oeste do Estado, a amplia\u00e7\u00e3o da educa\u00e7\u00e3o em tempo integral na rede estadual do Paran\u00e1. A partir deste ano letivo, 253 col\u00e9gios paranaenses passaram a contar com o ensino integral no fundamental e m\u00e9dio, 86 institui\u00e7\u00f5es a mais do que [&hellip;]<\/p>\n","protected":false},"author":2,"featured_media":43895,"comment_status":"open","ping_status":"open","sticky":false,"template":"","format":"standard","meta":{"advanced_seo_description":"","jetpack_seo_html_title":"","jetpack_seo_noindex":false,"_jetpack_memberships_contains_paid_content":false,"footnotes":""},"categories":[40],"tags":[],"class_list":{"0":"post-43894","1":"post","2":"type-post","3":"status-publish","4":"format-standard","5":"has-post-thumbnail","7":"category-destaques"},"jetpack_featured_media_url":"https:\/\/www.paranapraia.com.br\/wp-content\/uploads\/2023\/02\/educacao_integral011_.jpg","jetpack_sharing_enabled":true,"_links":{"self":[{"href":"https:\/\/www.paranapraia.com.br\/index.php\/wp-json\/wp\/v2\/posts\/43894"}],"collection":[{"href":"https:\/\/www.paranapraia.com.br\/index.php\/wp-json\/wp\/v2\/posts"}],"about":[{"href":"https:\/\/www.paranapraia.com.br\/index.php\/wp-json\/wp\/v2\/types\/post"}],"author":[{"embeddable":true,"href":"https:\/\/www.paranapraia.com.br\/index.php\/wp-json\/wp\/v2\/users\/2"}],"replies":[{"embeddable":true,"href":"https:\/\/www.paranapraia.com.br\/index.php\/wp-json\/wp\/v2\/comments?post=43894"}],"version-history":[{"count":2,"href":"https:\/\/www.paranapraia.com.br\/index.php\/wp-json\/wp\/v2\/posts\/43894\/revisions"}],"predecessor-version":[{"id":43898,"href":"https:\/\/www.paranapraia.com.br\/index.php\/wp-json\/wp\/v2\/posts\/43894\/revisions\/43898"}],"wp:featuredmedia":[{"embeddable":true,"href":"https:\/\/www.paranapraia.com.br\/index.php\/wp-json\/wp\/v2\/media\/43895"}],"wp:attachment":[{"href":"https:\/\/www.paranapraia.com.br\/index.php\/wp-json\/wp\/v2\/media?parent=43894"}],"wp:term":[{"taxonomy":"category","embeddable":true,"href":"https:\/\/www.paranapraia.com.br\/index.php\/wp-json\/wp\/v2\/categories?post=43894"},{"taxonomy":"post_tag","embeddable":true,"href":"https:\/\/www.paranapraia.com.br\/index.php\/wp-json\/wp\/v2\/tags?post=43894"}],"curies":[{"name":"wp","href":"https:\/\/api.w.org\/{rel}","templated":true}]}}