{"id":43891,"date":"2023-02-15T20:18:40","date_gmt":"2023-02-15T23:18:40","guid":{"rendered":"https:\/\/www.paranapraia.com.br\/?p=43891"},"modified":"2023-02-15T20:18:41","modified_gmt":"2023-02-15T23:18:41","slug":"hospital-de-curitiba-lanca-desenho-animado-com-crianca-que-venceu-cancer-como-protagonista-vai-ficar-tudo-bem","status":"publish","type":"post","link":"https:\/\/www.paranapraia.com.br\/index.php\/2023\/02\/15\/hospital-de-curitiba-lanca-desenho-animado-com-crianca-que-venceu-cancer-como-protagonista-vai-ficar-tudo-bem\/","title":{"rendered":"Hospital de Curitiba lan\u00e7a desenho animado com crian\u00e7a que venceu c\u00e2ncer como protagonista: &#8216;Vai ficar tudo bem&#8217;"},"content":{"rendered":"\n<p>O Hospital Erastinho, em Curitiba, lan\u00e7ou uma s\u00e9rie de desenho animado para refor\u00e7ar a import\u00e2ncia do diagn\u00f3stico precoce do c\u00e2ncer em crian\u00e7as e adolescentes.<\/p>\n\n\n\n<p>A anima\u00e7\u00e3o tem como protagonista o menino Erastinho, de 8 anos, e que venceu a doen\u00e7a. Dia 15 de fevereiro \u00e9 considerado o Dia Internacional de Combate ao C\u00e2ncer Infantil.<\/p>\n\n\n\n<p>De acordo com o Instituto Nacional de C\u00e2ncer Jos\u00e9 de Alencar Gomes da Silva (Inca) e o Sistema de Informa\u00e7\u00f5es sobre Mortalidade (SIM), o c\u00e2ncer \u00e9 a segunda causa de morte infantojuvenil, ficando atr\u00e1s apenas de causas externas, como acidentes e viol\u00eancia.<\/p>\n\n\n\n<p>O hospital \u00e9 focado na oncologia pedi\u00e1trica e atende pacientes do Sistema \u00danico de Sa\u00fade (SUS). Segundo a institui\u00e7\u00e3o, entre os tipos de c\u00e2nceres mais comuns nas crian\u00e7as est\u00e3o a leucemia, tumores do sistema nervoso central e linfomas.<\/p>\n\n\n\n<p>A s\u00e9ria lan\u00e7ada pelo hospital se chama &#8220;Vai ficar tudo bem&#8221; e refor\u00e7a a import\u00e2ncia de pais e respons\u00e1veis estarem atentos aos sinais e sintomas do c\u00e2ncer em crian\u00e7as.<\/p>\n\n\n\n<p>O hospital destaca que o diagn\u00f3stico tardio e a falta de acesso ao tratamento adequado em alguns casos s\u00e3o fatores que aumentam o n\u00famero de mortes.<\/p>\n\n\n\n<p>O diretor t\u00e9cnico do Hospital Erastinho, Robson Coelho, explica que alguns sintomas do c\u00e2ncer infantojuvenil fazem com que muitas vezes o diagn\u00f3stico seja atrasado, fazendo o paciente passar por v\u00e1rios m\u00e9dicos at\u00e9 ser encaminhado a um oncologista.<\/p>\n\n\n\n<p>Coelho cita alguns dos sinais e sintomas de c\u00e2ncer em crian\u00e7as:<\/p>\n\n\n\n<p>sangramento de forma inexplicada em \u00e1reas como nariz e gengivas;<\/p>\n\n\n\n<p>hematomas no corpo tamb\u00e9m de forma inexplicada;<\/p>\n\n\n\n<p>febre que n\u00e3o passa nem com antibi\u00f3ticos por mais de 7 dias;<\/p>\n\n\n\n<p>linfonodos;<\/p>\n\n\n\n<p>\u00ednguas;<\/p>\n\n\n\n<p>aumento do volume da barriga;<\/p>\n\n\n\n<p>massas nos bra\u00e7os e pernas;<\/p>\n\n\n\n<p>dores \u00f3sseas;<\/p>\n\n\n\n<p>dores de cabe\u00e7a cr\u00f4nica;<\/p>\n\n\n\n<p>acordar com v\u00f4mitos (jatos;<\/p>\n\n\n\n<p>convuls\u00f5es;<\/p>\n\n\n\n<p>estrabismo;<\/p>\n\n\n\n<p>perda de equil\u00edbrio;<\/p>\n\n\n\n<p>manchas brancas no olho e que refletem a luz.<\/p>\n\n\n\n<p>g1 PR e RPC<\/p>\n","protected":false},"excerpt":{"rendered":"<p>O Hospital Erastinho, em Curitiba, lan\u00e7ou uma s\u00e9rie de desenho animado para refor\u00e7ar a import\u00e2ncia do diagn\u00f3stico precoce do c\u00e2ncer em crian\u00e7as e adolescentes. A anima\u00e7\u00e3o tem como protagonista o menino Erastinho, de 8 anos, e que venceu a doen\u00e7a. Dia 15 de fevereiro \u00e9 considerado o Dia Internacional de Combate ao C\u00e2ncer Infantil. De [&hellip;]<\/p>\n","protected":false},"author":2,"featured_media":43892,"comment_status":"open","ping_status":"open","sticky":false,"template":"","format":"standard","meta":{"advanced_seo_description":"","jetpack_seo_html_title":"","jetpack_seo_noindex":false,"_jetpack_memberships_contains_paid_content":false,"footnotes":""},"categories":[40],"tags":[],"class_list":{"0":"post-43891","1":"post","2":"type-post","3":"status-publish","4":"format-standard","5":"has-post-thumbnail","7":"category-destaques"},"jetpack_featured_media_url":"https:\/\/www.paranapraia.com.br\/wp-content\/uploads\/2023\/02\/print-erastinho-1-.jfif_.jpg","jetpack_sharing_enabled":true,"_links":{"self":[{"href":"https:\/\/www.paranapraia.com.br\/index.php\/wp-json\/wp\/v2\/posts\/43891"}],"collection":[{"href":"https:\/\/www.paranapraia.com.br\/index.php\/wp-json\/wp\/v2\/posts"}],"about":[{"href":"https:\/\/www.paranapraia.com.br\/index.php\/wp-json\/wp\/v2\/types\/post"}],"author":[{"embeddable":true,"href":"https:\/\/www.paranapraia.com.br\/index.php\/wp-json\/wp\/v2\/users\/2"}],"replies":[{"embeddable":true,"href":"https:\/\/www.paranapraia.com.br\/index.php\/wp-json\/wp\/v2\/comments?post=43891"}],"version-history":[{"count":1,"href":"https:\/\/www.paranapraia.com.br\/index.php\/wp-json\/wp\/v2\/posts\/43891\/revisions"}],"predecessor-version":[{"id":43893,"href":"https:\/\/www.paranapraia.com.br\/index.php\/wp-json\/wp\/v2\/posts\/43891\/revisions\/43893"}],"wp:featuredmedia":[{"embeddable":true,"href":"https:\/\/www.paranapraia.com.br\/index.php\/wp-json\/wp\/v2\/media\/43892"}],"wp:attachment":[{"href":"https:\/\/www.paranapraia.com.br\/index.php\/wp-json\/wp\/v2\/media?parent=43891"}],"wp:term":[{"taxonomy":"category","embeddable":true,"href":"https:\/\/www.paranapraia.com.br\/index.php\/wp-json\/wp\/v2\/categories?post=43891"},{"taxonomy":"post_tag","embeddable":true,"href":"https:\/\/www.paranapraia.com.br\/index.php\/wp-json\/wp\/v2\/tags?post=43891"}],"curies":[{"name":"wp","href":"https:\/\/api.w.org\/{rel}","templated":true}]}}