{"id":43888,"date":"2023-02-15T18:28:12","date_gmt":"2023-02-15T21:28:12","guid":{"rendered":"https:\/\/www.paranapraia.com.br\/?p=43888"},"modified":"2023-02-15T18:28:13","modified_gmt":"2023-02-15T21:28:13","slug":"no-conass-parana-reforca-importancia-de-apoio-para-combate-ao-mosquito-da-dengue","status":"publish","type":"post","link":"https:\/\/www.paranapraia.com.br\/index.php\/2023\/02\/15\/no-conass-parana-reforca-importancia-de-apoio-para-combate-ao-mosquito-da-dengue\/","title":{"rendered":"No Conass, Paran\u00e1 refor\u00e7a import\u00e2ncia de apoio para combate ao mosquito da dengue"},"content":{"rendered":"\n<p>A preocupa\u00e7\u00e3o do Estado&nbsp;em combater as arboviroses no Paran\u00e1,&nbsp;especialmente a chikungunya, que assim como a dengue \u00e9 transmitida pelo mosquito&nbsp;<em>Aedes aegypti<\/em>, foi reiterada pelo&nbsp;secret\u00e1rio estadual da Sa\u00fade, C\u00e9sar Neves, durante a reuni\u00e3o do&nbsp;Conselho Nacional de Secret\u00e1rios de Sa\u00fade (Conass),&nbsp;em Bras\u00edlia,&nbsp;nesta quarta-feira (15).<\/p>\n\n\n\n<p>\u201cPudemos mais uma vez reiterar a necessidade de apoio emergencial ao Estado, por parte do governo federal, junto \u00e0 secret\u00e1ria de Vigil\u00e2ncia em Sa\u00fade e Ambiente do Minist\u00e9rio da Sa\u00fade, Ethel Maciel. \u00c9 extremamente importante que possamos unir for\u00e7as para a preven\u00e7\u00e3o e combate \u00e0 dengue, zika v\u00edrus e a chikungunya\u201d, disse Neves.<\/p>\n\n\n\n<p>No in\u00edcio do m\u00eas, a Secretaria estadual enviou ao Minist\u00e9rio da Sa\u00fade um&nbsp;<strong><a href=\"https:\/\/www.aen.pr.gov.br\/Noticia\/Oficio-da-Sesa-solicita-ao-Ministerio-da-Saude-insumos-para-combate-dengue-e-chikungunya\" target=\"_blank\" rel=\"noreferrer noopener\">of\u00edcio&nbsp;<\/a><\/strong>para que haja um incremento no n\u00famero de testes sorol\u00f3gicos e inseticida enviados ao Estado para o controle qu\u00edmico do mosquito transmissor da doen\u00e7a.<\/p>\n\n\n\n<p>No\u00a0boletim epidemiol\u00f3gico divulgado ter\u00e7a-feira (14), a pasta confirmou 462 novos casos de dengue. O Estado registra agora 3.638 casos confirmados e cinco \u00f3bitos pela doen\u00e7a no Paran\u00e1. J\u00e1 o panorama de chikungunya aponta 135 notifica\u00e7\u00f5es e dez casos confirmados, sendo sete importados e tr\u00eas aut\u00f3ctones registrados nos munic\u00edpios de Pato Branco, Foz do Igua\u00e7u e S\u00e3o Miguel do Igua\u00e7u.<\/p>\n\n\n\n<p>AEN<\/p>\n","protected":false},"excerpt":{"rendered":"<p>A preocupa\u00e7\u00e3o do Estado&nbsp;em combater as arboviroses no Paran\u00e1,&nbsp;especialmente a chikungunya, que assim como a dengue \u00e9 transmitida pelo mosquito&nbsp;Aedes aegypti, foi reiterada pelo&nbsp;secret\u00e1rio estadual da Sa\u00fade, C\u00e9sar Neves, durante a reuni\u00e3o do&nbsp;Conselho Nacional de Secret\u00e1rios de Sa\u00fade (Conass),&nbsp;em Bras\u00edlia,&nbsp;nesta quarta-feira (15). \u201cPudemos mais uma vez reiterar a necessidade de apoio emergencial ao Estado, por [&hellip;]<\/p>\n","protected":false},"author":2,"featured_media":43889,"comment_status":"open","ping_status":"open","sticky":false,"template":"","format":"standard","meta":{"advanced_seo_description":"","jetpack_seo_html_title":"","jetpack_seo_noindex":false,"_jetpack_memberships_contains_paid_content":false,"footnotes":""},"categories":[50],"tags":[],"class_list":{"0":"post-43888","1":"post","2":"type-post","3":"status-publish","4":"format-standard","5":"has-post-thumbnail","7":"category-saude"},"jetpack_featured_media_url":"https:\/\/www.paranapraia.com.br\/wp-content\/uploads\/2023\/02\/whatsapp_image_2023-02-15_at_12.19.25.jpg","jetpack_sharing_enabled":true,"_links":{"self":[{"href":"https:\/\/www.paranapraia.com.br\/index.php\/wp-json\/wp\/v2\/posts\/43888"}],"collection":[{"href":"https:\/\/www.paranapraia.com.br\/index.php\/wp-json\/wp\/v2\/posts"}],"about":[{"href":"https:\/\/www.paranapraia.com.br\/index.php\/wp-json\/wp\/v2\/types\/post"}],"author":[{"embeddable":true,"href":"https:\/\/www.paranapraia.com.br\/index.php\/wp-json\/wp\/v2\/users\/2"}],"replies":[{"embeddable":true,"href":"https:\/\/www.paranapraia.com.br\/index.php\/wp-json\/wp\/v2\/comments?post=43888"}],"version-history":[{"count":1,"href":"https:\/\/www.paranapraia.com.br\/index.php\/wp-json\/wp\/v2\/posts\/43888\/revisions"}],"predecessor-version":[{"id":43890,"href":"https:\/\/www.paranapraia.com.br\/index.php\/wp-json\/wp\/v2\/posts\/43888\/revisions\/43890"}],"wp:featuredmedia":[{"embeddable":true,"href":"https:\/\/www.paranapraia.com.br\/index.php\/wp-json\/wp\/v2\/media\/43889"}],"wp:attachment":[{"href":"https:\/\/www.paranapraia.com.br\/index.php\/wp-json\/wp\/v2\/media?parent=43888"}],"wp:term":[{"taxonomy":"category","embeddable":true,"href":"https:\/\/www.paranapraia.com.br\/index.php\/wp-json\/wp\/v2\/categories?post=43888"},{"taxonomy":"post_tag","embeddable":true,"href":"https:\/\/www.paranapraia.com.br\/index.php\/wp-json\/wp\/v2\/tags?post=43888"}],"curies":[{"name":"wp","href":"https:\/\/api.w.org\/{rel}","templated":true}]}}