{"id":43885,"date":"2023-02-15T17:44:01","date_gmt":"2023-02-15T20:44:01","guid":{"rendered":"https:\/\/www.paranapraia.com.br\/?p=43885"},"modified":"2023-02-15T17:44:02","modified_gmt":"2023-02-15T20:44:02","slug":"policia-civil-elucida-homicidio-em-paranagua-em-menos-de-12-horas","status":"publish","type":"post","link":"https:\/\/www.paranapraia.com.br\/index.php\/2023\/02\/15\/policia-civil-elucida-homicidio-em-paranagua-em-menos-de-12-horas\/","title":{"rendered":"Pol\u00edcia Civil elucida homic\u00eddio em Paranagu\u00e1 em menos de 12 horas"},"content":{"rendered":"\n<p>A Pol\u00edcia Civil do Paran\u00e1 (PCPR) elucidou na segunda-feira (13) um homic\u00eddio ocorrido em Paranagu\u00e1, no Litoral, em menos de 12 horas ap\u00f3s o crime. Na madrugada de segunda, um corpo foi localizado dentro de um im\u00f3vel interditado, no Centro Hist\u00f3rico do munic\u00edpio.<\/p>\n\n\n\n<p>\u201cLogo que a Pol\u00edcia Civil tomou conhecimento, equipes de investiga\u00e7\u00e3o se deslocaram ao local e iniciaram as a\u00e7\u00f5es preliminares\u201d, informou o delegado Ivan da Silva. No local, os policiais prenderam dois suspeitos do homic\u00eddio. Um outro homem, que j\u00e1 era procurado pela pol\u00edcia, foi preso por tr\u00e1fico de drogas. As investiga\u00e7\u00f5es seguem a fim de identificar se h\u00e1 outros envolvidos no homic\u00eddio.<\/p>\n\n\n\n<p>As investiga\u00e7\u00f5es preliminares contaram com o apoio da Guarda Municipal e da Pol\u00edcia Militar. \u201cFoi muito importante essa integra\u00e7\u00e3o com as outras for\u00e7as de seguran\u00e7a de forma a colocar os autores \u00e0 disposi\u00e7\u00e3o da justi\u00e7a e tamb\u00e9m dar uma resposta para sociedade parnanguara\u201d, disse Silva. De acordo com a investiga\u00e7\u00e3o, a motiva\u00e7\u00e3o do crime foi o roubo de um carro, praticado pela v\u00edtima.<\/p>\n\n\n\n<p><strong>VER\u00c3O MAIOR PARAN\u00c1 \u2013<\/strong>\u00a0O Ver\u00e3o Maior Paran\u00e1 reuniu uma s\u00e9rie de a\u00e7\u00f5es voltadas aos veranistas e moradores dos munic\u00edpios do Litoral, al\u00e9m de Porto Rico e S\u00e3o Pedro do Paran\u00e1, no Noroeste, como atividades esportivas e de lazer, aulas de gin\u00e1stica, dan\u00e7a, caminhadas, recrea\u00e7\u00e3o infantil, shows, torneios e eventos esportivos, al\u00e9m de outras pr\u00e1ticas relacionadas ao entretenimento. O refor\u00e7o de policiamento nesses locais continua at\u00e9 o fim do Carnaval.<\/p>\n\n\n\n<p>AEN<\/p>\n","protected":false},"excerpt":{"rendered":"<p>A Pol\u00edcia Civil do Paran\u00e1 (PCPR) elucidou na segunda-feira (13) um homic\u00eddio ocorrido em Paranagu\u00e1, no Litoral, em menos de 12 horas ap\u00f3s o crime. Na madrugada de segunda, um corpo foi localizado dentro de um im\u00f3vel interditado, no Centro Hist\u00f3rico do munic\u00edpio. \u201cLogo que a Pol\u00edcia Civil tomou conhecimento, equipes de investiga\u00e7\u00e3o se deslocaram [&hellip;]<\/p>\n","protected":false},"author":2,"featured_media":43886,"comment_status":"open","ping_status":"open","sticky":false,"template":"","format":"standard","meta":{"advanced_seo_description":"","jetpack_seo_html_title":"","jetpack_seo_noindex":false,"_jetpack_memberships_contains_paid_content":false,"footnotes":""},"categories":[33],"tags":[],"class_list":{"0":"post-43885","1":"post","2":"type-post","3":"status-publish","4":"format-standard","5":"has-post-thumbnail","7":"category-policia"},"jetpack_featured_media_url":"https:\/\/www.paranapraia.com.br\/wp-content\/uploads\/2023\/02\/whatsapp_image_2023-02-15_at_16.32.25.jpg","jetpack_sharing_enabled":true,"_links":{"self":[{"href":"https:\/\/www.paranapraia.com.br\/index.php\/wp-json\/wp\/v2\/posts\/43885"}],"collection":[{"href":"https:\/\/www.paranapraia.com.br\/index.php\/wp-json\/wp\/v2\/posts"}],"about":[{"href":"https:\/\/www.paranapraia.com.br\/index.php\/wp-json\/wp\/v2\/types\/post"}],"author":[{"embeddable":true,"href":"https:\/\/www.paranapraia.com.br\/index.php\/wp-json\/wp\/v2\/users\/2"}],"replies":[{"embeddable":true,"href":"https:\/\/www.paranapraia.com.br\/index.php\/wp-json\/wp\/v2\/comments?post=43885"}],"version-history":[{"count":1,"href":"https:\/\/www.paranapraia.com.br\/index.php\/wp-json\/wp\/v2\/posts\/43885\/revisions"}],"predecessor-version":[{"id":43887,"href":"https:\/\/www.paranapraia.com.br\/index.php\/wp-json\/wp\/v2\/posts\/43885\/revisions\/43887"}],"wp:featuredmedia":[{"embeddable":true,"href":"https:\/\/www.paranapraia.com.br\/index.php\/wp-json\/wp\/v2\/media\/43886"}],"wp:attachment":[{"href":"https:\/\/www.paranapraia.com.br\/index.php\/wp-json\/wp\/v2\/media?parent=43885"}],"wp:term":[{"taxonomy":"category","embeddable":true,"href":"https:\/\/www.paranapraia.com.br\/index.php\/wp-json\/wp\/v2\/categories?post=43885"},{"taxonomy":"post_tag","embeddable":true,"href":"https:\/\/www.paranapraia.com.br\/index.php\/wp-json\/wp\/v2\/tags?post=43885"}],"curies":[{"name":"wp","href":"https:\/\/api.w.org\/{rel}","templated":true}]}}