{"id":43857,"date":"2023-02-14T18:48:23","date_gmt":"2023-02-14T21:48:23","guid":{"rendered":"https:\/\/www.paranapraia.com.br\/?p=43857"},"modified":"2023-02-14T18:48:23","modified_gmt":"2023-02-14T21:48:23","slug":"boletim-semanal-da-dengue-registra-462-novos-casos-da-doenca","status":"publish","type":"post","link":"https:\/\/www.paranapraia.com.br\/index.php\/2023\/02\/14\/boletim-semanal-da-dengue-registra-462-novos-casos-da-doenca\/","title":{"rendered":"Boletim semanal da dengue registra 462 novos casos da doen\u00e7a"},"content":{"rendered":"\n<p>A Secretaria de Estado da Sa\u00fade (Sesa) confirmou nesta ter\u00e7a-feira (14) mais 462 casos de dengue no Paran\u00e1. O informe epidemiol\u00f3gico revela que 235 munic\u00edpios tiveram casos confirmados e 182 registraram autoctonia, quando a doen\u00e7a \u00e9 contra\u00edda no munic\u00edpio de resid\u00eancia, indicando circula\u00e7\u00e3o interna.&nbsp;&nbsp;<\/p>\n\n\n\n<p>O Estado&nbsp;soma cinco \u00f3bitos (quatro homens e uma mulher, residentes de Centen\u00e1rio do Sul, Marilena, Foz do Igua\u00e7u, Marip\u00e1 e Rol\u00e2ndia), com 3.638 casos confirmados e 44.102 notifica\u00e7\u00f5es (2.478 a mais do que a semana anterior). Mais de 29 mil casos j\u00e1 foram descartados.<\/p>\n\n\n\n<p>Nessa mesma \u00e9poca, no ano passado, eram&nbsp;320 munic\u00edpios com&nbsp;951 casos confirmados.<\/p>\n\n\n\n<p>O mosquito&nbsp;<em>Aedes&nbsp;aegypti&nbsp;<\/em>tamb\u00e9m \u00e9 respons\u00e1vel, al\u00e9m da dengue, pelo zika e&nbsp;chikungunya. Durante esta semana n\u00e3o houve registro de casos de zika.<\/p>\n\n\n\n<p>J\u00e1 o panorama de&nbsp;Chikungunya no Paran\u00e1 aponta 135 notifica\u00e7\u00f5es e dez casos confirmados da doen\u00e7a, sendo sete importados e tr\u00eas aut\u00f3ctones registrados nos munic\u00edpios de Pato Branco, Foz do Igua\u00e7u e S\u00e3o Miguel do Igua\u00e7u. No ano passado eram seis casos confirmados.<\/p>\n\n\n\n<p><strong>Confira o boletim completo\u00a0<a rel=\"noreferrer noopener\" href=\"https:\/\/www.documentador.pr.gov.br\/documentador\/pub.do?action=d&amp;uuid=@gtf-escriba-sesa@048e1d28-fbf1-4f7b-9f84-75ba584e43f6&amp;emPg=true\" target=\"_blank\">AQUI<\/a>.\u00a0<\/strong><\/p>\n\n\n\n<p>AEN<\/p>\n","protected":false},"excerpt":{"rendered":"<p>A Secretaria de Estado da Sa\u00fade (Sesa) confirmou nesta ter\u00e7a-feira (14) mais 462 casos de dengue no Paran\u00e1. O informe epidemiol\u00f3gico revela que 235 munic\u00edpios tiveram casos confirmados e 182 registraram autoctonia, quando a doen\u00e7a \u00e9 contra\u00edda no munic\u00edpio de resid\u00eancia, indicando circula\u00e7\u00e3o interna.&nbsp;&nbsp; O Estado&nbsp;soma cinco \u00f3bitos (quatro homens e uma mulher, residentes de [&hellip;]<\/p>\n","protected":false},"author":2,"featured_media":43858,"comment_status":"open","ping_status":"open","sticky":false,"template":"","format":"standard","meta":{"advanced_seo_description":"","jetpack_seo_html_title":"","jetpack_seo_noindex":false,"_jetpack_memberships_contains_paid_content":false,"footnotes":""},"categories":[50],"tags":[],"class_list":{"0":"post-43857","1":"post","2":"type-post","3":"status-publish","4":"format-standard","5":"has-post-thumbnail","7":"category-saude"},"jetpack_featured_media_url":"https:\/\/www.paranapraia.com.br\/wp-content\/uploads\/2023\/02\/dengue_boletim-1.jpg","jetpack_sharing_enabled":true,"_links":{"self":[{"href":"https:\/\/www.paranapraia.com.br\/index.php\/wp-json\/wp\/v2\/posts\/43857"}],"collection":[{"href":"https:\/\/www.paranapraia.com.br\/index.php\/wp-json\/wp\/v2\/posts"}],"about":[{"href":"https:\/\/www.paranapraia.com.br\/index.php\/wp-json\/wp\/v2\/types\/post"}],"author":[{"embeddable":true,"href":"https:\/\/www.paranapraia.com.br\/index.php\/wp-json\/wp\/v2\/users\/2"}],"replies":[{"embeddable":true,"href":"https:\/\/www.paranapraia.com.br\/index.php\/wp-json\/wp\/v2\/comments?post=43857"}],"version-history":[{"count":1,"href":"https:\/\/www.paranapraia.com.br\/index.php\/wp-json\/wp\/v2\/posts\/43857\/revisions"}],"predecessor-version":[{"id":43859,"href":"https:\/\/www.paranapraia.com.br\/index.php\/wp-json\/wp\/v2\/posts\/43857\/revisions\/43859"}],"wp:featuredmedia":[{"embeddable":true,"href":"https:\/\/www.paranapraia.com.br\/index.php\/wp-json\/wp\/v2\/media\/43858"}],"wp:attachment":[{"href":"https:\/\/www.paranapraia.com.br\/index.php\/wp-json\/wp\/v2\/media?parent=43857"}],"wp:term":[{"taxonomy":"category","embeddable":true,"href":"https:\/\/www.paranapraia.com.br\/index.php\/wp-json\/wp\/v2\/categories?post=43857"},{"taxonomy":"post_tag","embeddable":true,"href":"https:\/\/www.paranapraia.com.br\/index.php\/wp-json\/wp\/v2\/tags?post=43857"}],"curies":[{"name":"wp","href":"https:\/\/api.w.org\/{rel}","templated":true}]}}