{"id":43854,"date":"2023-02-14T18:42:39","date_gmt":"2023-02-14T21:42:39","guid":{"rendered":"https:\/\/www.paranapraia.com.br\/?p=43854"},"modified":"2023-02-14T18:42:39","modified_gmt":"2023-02-14T21:42:39","slug":"estado-vai-iniciar-as-obras-de-microdrenagem-na-orla-de-matinhos-logo-apos-o-carnaval","status":"publish","type":"post","link":"https:\/\/www.paranapraia.com.br\/index.php\/2023\/02\/14\/estado-vai-iniciar-as-obras-de-microdrenagem-na-orla-de-matinhos-logo-apos-o-carnaval\/","title":{"rendered":"Estado vai iniciar as obras de microdrenagem na Orla de Matinhos logo ap\u00f3s o Carnaval"},"content":{"rendered":"\n<p>A recupera\u00e7\u00e3o da Orla de Matinhos, no Litoral, caminha para uma nova fase. O Cons\u00f3rcio Sambaqui, vencedor da licita\u00e7\u00e3o p\u00fablica e respons\u00e1vel pela execu\u00e7\u00e3o das obras em parceria com o Instituto \u00c1gua e Terra (IAT), planeja iniciar as interven\u00e7\u00f5es de microdrenagem logo ap\u00f3s as celebra\u00e7\u00f5es de Carnaval.<\/p>\n\n\n\n<p>Das oito frentes de trabalho que comp\u00f5em a moderniza\u00e7\u00e3o do trecho de 6,3 quil\u00f4metros entre o Morro do Boi e o Balne\u00e1rio Fl\u00f3rida, apenas o servi\u00e7o de microdrenagem ainda n\u00e3o come\u00e7ou. \u00c9 justamente essa medida, em conjunto com as a\u00e7\u00f5es de macrodrenagem, que vai minimizar os impactos causados pelas cheias na cidade, uma reclama\u00e7\u00e3o antiga de moradores e turistas.<\/p>\n\n\n\n<p>\u201cEsses servi\u00e7os v\u00e3o diminuir e muito as cheias em toda a regi\u00e3o de Matinhos\u201d, afirmou o diretor de Saneamento Ambiental do IAT, Jos\u00e9 Luiz Scroccaro.<\/p>\n\n\n\n<p>\u201cS\u00e3o 23 quil\u00f4metros de microdrenagem e pouco mais de um quil\u00f4metro de macrodrenagem\u201d, disse. \u201cEssas fases se completam com a macrodrenagem, escoando a \u00e1gua que recebe do sistema da micro. Essa integra\u00e7\u00e3o permite ganhar cota, caimento para a \u00e1gua com as canaletas em U. Tudo isso faz com que o escoamento para o mar seja mais r\u00e1pido, evitando problemas como cheias na cidade\u201d.<\/p>\n\n\n\n<p>De acordo com ele, a a\u00e7\u00e3o vai garantir per\u00edodos mais constantes sem alagamentos. \u201cClaro que se houver uma chuva de grande intensidade em um curto per\u00edodo de tempo, aliada \u00e0 mar\u00e9 alta, teremos cheias. Mas com um escoamento muito mais r\u00e1pido e eficiente do que o sistema atual\u201d, explicou.&nbsp;O diretor destacou ainda que o tempo estimado para a conclus\u00e3o dos servi\u00e7os de microdrenagem \u00e9 de 14 meses, com investimento de R$ 39,2 milh\u00f5es.<\/p>\n\n\n\n<p>Essa etapa foi adiada para evitar transtornos durante a temporada de ver\u00e3o, quando a popula\u00e7\u00e3o flutuante do Litoral cresce muito. A adequa\u00e7\u00e3o integra o conjunto de obras de revitaliza\u00e7\u00e3o da orla, com investimento de R$ 314,9 milh\u00f5es por parte do Governo do Estado. As obras est\u00e3o pr\u00f3ximas de 70% de conclus\u00e3o e a finaliza\u00e7\u00e3o est\u00e1 prevista para ocorrer no segundo semestre de 2024.<\/p>\n\n\n\n<p><strong>MACRODRENAGEM&nbsp;<\/strong>\u2013 As interven\u00e7\u00f5es de macrodrenagem come\u00e7aram em junho do ano passado e alcan\u00e7aram 30% de conclus\u00e3o. Est\u00e3o sendo feitas ao longo de 1,5 quil\u00f4metros no Canal da Avenida Paran\u00e1, no bairro do Tabuleiro, em Caiob\u00e1.&nbsp;O projeto prev\u00ea deixar o canal com sete metros de largura, em concreto formatado como um U (na base e nas laterais), aumentando a velocidade do escoamento e diminuindo o n\u00edvel de alagamento.<\/p>\n\n\n\n<p>O canal da Avenida Paran\u00e1 ter\u00e1 a finalidade de aliviar as \u00e1guas que v\u00e3o para o rio Matinhos, minimizando as cheias e melhorando a vida de uma grande parcela de moradores do bairro Tabuleiro, um dos mais afetados pelas chuvas.<\/p>\n\n\n\n<p>\u201cA macrodrenagem \u00e9 fundamental para aliviar o escoamento at\u00e9 o mar. O projeto de recupera\u00e7\u00e3o da Orla de Matinhos sempre teve essa preocupa\u00e7\u00e3o social em melhorar o munic\u00edpio como um todo\u201d, afirmou o diretor-presidente do IAT, Everton Souza.<\/p>\n\n\n\n<p>Segundo ele, o munic\u00edpio de Matinhos \u00e9 bastante plano, com tr\u00eas sa\u00eddas principais para o mar, pelos canais do rio Matinhos, da Avenida Paran\u00e1 e da Avenida Juscelino Kubitschek (JK). Neste \u00faltimo, parte da \u00e1gua des\u00e1gua na prainha e outra no Rio Matinhos.<\/p>\n\n\n\n<p><strong>OBRAS&nbsp;<\/strong>\u2013 A cidade recebe investimentos de R$ 314,9 milh\u00f5es para moderniza\u00e7\u00e3o em diversas frentes de trabalho. Al\u00e9m da engorda da faixa de areia, estruturas mar\u00edtimas semirr\u00edgidas (espig\u00e3o, headlands, guias-correntes) e obras em canais de macrodrenagem e redes de microdrenagem v\u00e3o fortalecer o turismo e as condi\u00e7\u00f5es da cidade. A revitaliza\u00e7\u00e3o urban\u00edstica da praia e da cal\u00e7ada, com o plantio de \u00e1rvores nativas e melhorias na pavimenta\u00e7\u00e3o asf\u00e1ltica, completa o pacote.<\/p>\n\n\n\n<p>Na orla da praia est\u00e3o sendo erguidos dois guias-correntes (Canal da Avenida Paran\u00e1 e Canal do Rio Matinhos), dois headlands (Balne\u00e1rios Riviera e Fl\u00f3rida) e um espig\u00e3o (Praia Brava, na altura do Pico de Matinhos) para dar sustenta\u00e7\u00e3o para as obras de engordamento da areia, j\u00e1 conclu\u00eddas.<\/p>\n\n\n\n<p>AEN<\/p>\n","protected":false},"excerpt":{"rendered":"<p>A recupera\u00e7\u00e3o da Orla de Matinhos, no Litoral, caminha para uma nova fase. O Cons\u00f3rcio Sambaqui, vencedor da licita\u00e7\u00e3o p\u00fablica e respons\u00e1vel pela execu\u00e7\u00e3o das obras em parceria com o Instituto \u00c1gua e Terra (IAT), planeja iniciar as interven\u00e7\u00f5es de microdrenagem logo ap\u00f3s as celebra\u00e7\u00f5es de Carnaval. Das oito frentes de trabalho que comp\u00f5em a [&hellip;]<\/p>\n","protected":false},"author":2,"featured_media":43855,"comment_status":"open","ping_status":"open","sticky":false,"template":"","format":"standard","meta":{"advanced_seo_description":"","jetpack_seo_html_title":"","jetpack_seo_noindex":false,"_jetpack_memberships_contains_paid_content":false,"footnotes":""},"categories":[40],"tags":[],"class_list":{"0":"post-43854","1":"post","2":"type-post","3":"status-publish","4":"format-standard","5":"has-post-thumbnail","7":"category-destaques"},"jetpack_featured_media_url":"https:\/\/www.paranapraia.com.br\/wp-content\/uploads\/2023\/02\/orla_matinhos_foto_rdziura-0633-scaled.jpg","jetpack_sharing_enabled":true,"_links":{"self":[{"href":"https:\/\/www.paranapraia.com.br\/index.php\/wp-json\/wp\/v2\/posts\/43854"}],"collection":[{"href":"https:\/\/www.paranapraia.com.br\/index.php\/wp-json\/wp\/v2\/posts"}],"about":[{"href":"https:\/\/www.paranapraia.com.br\/index.php\/wp-json\/wp\/v2\/types\/post"}],"author":[{"embeddable":true,"href":"https:\/\/www.paranapraia.com.br\/index.php\/wp-json\/wp\/v2\/users\/2"}],"replies":[{"embeddable":true,"href":"https:\/\/www.paranapraia.com.br\/index.php\/wp-json\/wp\/v2\/comments?post=43854"}],"version-history":[{"count":1,"href":"https:\/\/www.paranapraia.com.br\/index.php\/wp-json\/wp\/v2\/posts\/43854\/revisions"}],"predecessor-version":[{"id":43856,"href":"https:\/\/www.paranapraia.com.br\/index.php\/wp-json\/wp\/v2\/posts\/43854\/revisions\/43856"}],"wp:featuredmedia":[{"embeddable":true,"href":"https:\/\/www.paranapraia.com.br\/index.php\/wp-json\/wp\/v2\/media\/43855"}],"wp:attachment":[{"href":"https:\/\/www.paranapraia.com.br\/index.php\/wp-json\/wp\/v2\/media?parent=43854"}],"wp:term":[{"taxonomy":"category","embeddable":true,"href":"https:\/\/www.paranapraia.com.br\/index.php\/wp-json\/wp\/v2\/categories?post=43854"},{"taxonomy":"post_tag","embeddable":true,"href":"https:\/\/www.paranapraia.com.br\/index.php\/wp-json\/wp\/v2\/tags?post=43854"}],"curies":[{"name":"wp","href":"https:\/\/api.w.org\/{rel}","templated":true}]}}