{"id":4384,"date":"2019-04-03T20:49:56","date_gmt":"2019-04-03T23:49:56","guid":{"rendered":"https:\/\/www.paranapraia.com.br\/?p=4384"},"modified":"2019-04-03T20:49:57","modified_gmt":"2019-04-03T23:49:57","slug":"guedes-nega-aposentadoria-abaixo-do-salario-minimo","status":"publish","type":"post","link":"https:\/\/www.paranapraia.com.br\/index.php\/2019\/04\/03\/guedes-nega-aposentadoria-abaixo-do-salario-minimo\/","title":{"rendered":"Guedes nega aposentadoria abaixo do sal\u00e1rio-m\u00ednimo"},"content":{"rendered":"\n<p>O ministro da Economia, Paulo Guedes, disse nesta quarta-feira (3) em sess\u00e3o da Comiss\u00e3o de Constitui\u00e7\u00e3o e Justi\u00e7a da C\u00e2mara Federal que ningu\u00e9m receber\u00e1 menos do que um sal\u00e1rio m\u00ednimo com a reforma da Previd\u00eancia e que isso est\u00e1 previsto na proposta. \u201cTem muita coisa equivocada em rela\u00e7\u00e3o \u00e0 PEC, muita gente n\u00e3o leu e falou coisas que n\u00e3o est\u00e3o l\u00e1\u201d, afirmou.<\/p>\n\n\n\n<p>Em rela\u00e7\u00e3o \u00e0 previs\u00e3o de que possa haver pagamento a partir de R$ 400 nos Benef\u00edcios de Presta\u00e7\u00e3o Continuada (BPC), Guedes disse que isso \u00e9 opcional. Pela proposta, o beneficiado pode receber um valor menor j\u00e1 a partir de 60 anos, enquanto hoje recebe um sal\u00e1rio m\u00ednimo com 65.<\/p>\n\n\n\n<p>\u201cNa PEC da Previd\u00eancia, ningu\u00e9m est\u00e1 recebendo abaixo do m\u00ednimo. Se algu\u00e9m quiser uma antecipa\u00e7\u00e3o, recebe menos, se n\u00e3o quiser, recebe o m\u00ednimo l\u00e1 na frente. Poder antecipar \u00e9 opcional, a pessoa do BPC vai decidir se quer pegar com 65 o sal\u00e1rio cheio ou antecipar. \u00c9 algo que voc\u00eas v\u00e3o avaliar\u201d, afirmou.<\/p>\n\n\n\n<p>Guedes lembrou que o governo da ex-presidente Dilma Rousseff (PT) tamb\u00e9m mandou uma proposta de reforma que previa pens\u00f5es abaixo de 100% e que enfrentar a quest\u00e3o \u00e9 inevit\u00e1vel. \u201cGovernos independentemente de colora\u00e7\u00e3o e vontade s\u00e3o for\u00e7ados a agir para n\u00e3o incorrerem em irresponsabilidade fiscal e n\u00e3o quebrarem a Previd\u00eancia\u201d, completou.<\/p>\n\n\n\n<p>O ministros ressaltou que o texto final \u00e9 uma decis\u00e3o do Congresso e que os deputados podem aceitar ou n\u00e3o a proposta. \u201cTem a outra, vamos ver. Eu n\u00e3o tenho o voto, voc\u00eas t\u00eam e precisam tomar provid\u00eancia\u201d, completou.<\/p>\n\n\n\n<p>Quebradeira&nbsp;<br>Guedes disse que todos os sistemas de Previd\u00eancia est\u00e3o quebrando, incluindo o regime geral, os de Estados e munic\u00edpios e de servidores p\u00fablicos e militares. \u201cTodos os regimes est\u00e3o com d\u00e9ficit, todos indo em dire\u00e7\u00e3o \u00e0 explos\u00e3o. \u00c9 uma quest\u00e3o de tempo, vai pegar todo mundo\u201d, afirmou.<\/p>\n\n\n\n<p>Guedes voltou a defender o regime de capitaliza\u00e7\u00e3o e que \u00e9 necess\u00e1rio economizar R$ 1 trilh\u00e3o para viabiliz\u00e1-lo. Ele disse que os recursos da capitaliza\u00e7\u00e3o ajudam a impulsionar investimentos e que \u00e9 uma \u201cilus\u00e3o\u201d achar que o dinheiro \u201csome\u201d. \u201cEmbora a reforma da Previd\u00eancia tenha muito esse foco fiscal, tem tamb\u00e9m a quest\u00e3o de poupan\u00e7a\u201d, acrescentou.<\/p>\n\n\n\n<p>Bate-boca\u00a0<br>O ministro acabou caindo na provoca\u00e7\u00e3o da oposi\u00e7\u00e3o e iniciou um bate-boca tenso durante sua fala. Ao defender o sistema de capitaliza\u00e7\u00e3o, Guedes disse aos deputados: \u201cSe quiserem, embarquem seus filhos no avi\u00e3o em que voc\u00eas est\u00e3o e v\u00e3o acabar como Rio de Janeiro, Minas Gerais\u201d.\u00a0<br>A fala do ministro foi recebida com aplausos dos parlamentares governistas, enquanto representantes da oposi\u00e7\u00e3o gritavam \u201cChile\u201d.<\/p>\n\n\n\n<p>BemParana<\/p>\n","protected":false},"excerpt":{"rendered":"<p>O ministro da Economia, Paulo Guedes, disse nesta quarta-feira (3) em sess\u00e3o da Comiss\u00e3o de Constitui\u00e7\u00e3o e Justi\u00e7a da C\u00e2mara Federal que ningu\u00e9m receber\u00e1 menos do que um sal\u00e1rio m\u00ednimo com a reforma da Previd\u00eancia e que isso est\u00e1 previsto na proposta. \u201cTem muita coisa equivocada em rela\u00e7\u00e3o \u00e0 PEC, muita gente n\u00e3o leu e [&hellip;]<\/p>\n","protected":false},"author":2,"featured_media":4385,"comment_status":"open","ping_status":"open","sticky":false,"template":"","format":"standard","meta":{"advanced_seo_description":"","jetpack_seo_html_title":"","jetpack_seo_noindex":false,"_jetpack_memberships_contains_paid_content":false,"footnotes":""},"categories":[32],"tags":[],"class_list":{"0":"post-4384","1":"post","2":"type-post","3":"status-publish","4":"format-standard","5":"has-post-thumbnail","7":"category-politica"},"jetpack_featured_media_url":"https:\/\/www.paranapraia.com.br\/wp-content\/uploads\/2019\/04\/noticia_624795_img1_4f1.jpg","jetpack_sharing_enabled":true,"_links":{"self":[{"href":"https:\/\/www.paranapraia.com.br\/index.php\/wp-json\/wp\/v2\/posts\/4384"}],"collection":[{"href":"https:\/\/www.paranapraia.com.br\/index.php\/wp-json\/wp\/v2\/posts"}],"about":[{"href":"https:\/\/www.paranapraia.com.br\/index.php\/wp-json\/wp\/v2\/types\/post"}],"author":[{"embeddable":true,"href":"https:\/\/www.paranapraia.com.br\/index.php\/wp-json\/wp\/v2\/users\/2"}],"replies":[{"embeddable":true,"href":"https:\/\/www.paranapraia.com.br\/index.php\/wp-json\/wp\/v2\/comments?post=4384"}],"version-history":[{"count":1,"href":"https:\/\/www.paranapraia.com.br\/index.php\/wp-json\/wp\/v2\/posts\/4384\/revisions"}],"predecessor-version":[{"id":4386,"href":"https:\/\/www.paranapraia.com.br\/index.php\/wp-json\/wp\/v2\/posts\/4384\/revisions\/4386"}],"wp:featuredmedia":[{"embeddable":true,"href":"https:\/\/www.paranapraia.com.br\/index.php\/wp-json\/wp\/v2\/media\/4385"}],"wp:attachment":[{"href":"https:\/\/www.paranapraia.com.br\/index.php\/wp-json\/wp\/v2\/media?parent=4384"}],"wp:term":[{"taxonomy":"category","embeddable":true,"href":"https:\/\/www.paranapraia.com.br\/index.php\/wp-json\/wp\/v2\/categories?post=4384"},{"taxonomy":"post_tag","embeddable":true,"href":"https:\/\/www.paranapraia.com.br\/index.php\/wp-json\/wp\/v2\/tags?post=4384"}],"curies":[{"name":"wp","href":"https:\/\/api.w.org\/{rel}","templated":true}]}}