{"id":4381,"date":"2019-04-03T20:48:42","date_gmt":"2019-04-03T23:48:42","guid":{"rendered":"https:\/\/www.paranapraia.com.br\/?p=4381"},"modified":"2019-04-03T20:48:43","modified_gmt":"2019-04-03T23:48:43","slug":"apos-44-testemunhas-juiza-encerra-audiencia-do-caso-daniel-acusacao-diz-que-nada-muda","status":"publish","type":"post","link":"https:\/\/www.paranapraia.com.br\/index.php\/2019\/04\/03\/apos-44-testemunhas-juiza-encerra-audiencia-do-caso-daniel-acusacao-diz-que-nada-muda\/","title":{"rendered":"Ap\u00f3s 44 testemunhas, ju\u00edza encerra audi\u00eancia do Caso Daniel; acusa\u00e7\u00e3o diz que nada muda"},"content":{"rendered":"\n<h4 class=\"wp-block-heading\">Daniel Corr\u00eaa Freitas foi assassinado em outubro do ano passado e sete pessoas respondem a diferentes crimes<\/h4>\n\n\n\n<p>Com 44 testemunhas de defesa ouvidas em tr\u00eas dias, a ju\u00edza Luciani Regina Martins de Paula encerrou nesta quarta-feira (3) a 2\u00aa fase da audi\u00eancia de instru\u00e7\u00e3o do Caso Daniel. Na segunda-feira (1), havia a expectativa de que at\u00e9 77 pessoas fossem ouvidas, mas testemunhas foram dispensadas ao longo dos dias e algumas n\u00e3o foram encontradas pela Justi\u00e7a. Daniel Corr\u00eaa Freitas foi assassinado em outubro do ano passado e sete pessoas respondem a diferentes crimes em S\u00e3o Jos\u00e9 dos Pinhais, na regi\u00e3o metropolitana de Curitiba.<\/p>\n\n\n\n<p>Segundo o assistente de acusa\u00e7\u00e3o, Nilton Ribeiro, os depoimentos n\u00e3o acrescentaram nada ao processo. \u201cS\u00e3o testemunhas que n\u00e3o disseram nada sobre o fato, sobre a morte. S\u00e3o pessoas que apenas tentam colocar uma fuma\u00e7a no processo e tentar tirar o fato principal, que \u00e9 a morte do jogador Daniel. Hoje perdemos um dia inteiro com discuss\u00f5es banais, sem seriedade e que, infelizmente, n\u00e3o levaram nada a lugar nenhum. \u00c9 de se lamentar e esperar que, nas pr\u00f3ximas, isso n\u00e3o aconte\u00e7a\u201d, disse.<\/p>\n\n\n\n<p>O advogado de defesa da fam\u00edlia Brittes, Cl\u00e1udio Dalledone, rebateu a fala do assistente de acusa\u00e7\u00e3o e disse que os depoimentos demonstraram os \u201cexcessos\u201d na investiga\u00e7\u00e3o. \u201cN\u00e3o vou nem comentar essa fala, j\u00e1 que ele usa termos que um profissional do direito nem sequer pode utilizar. \u00c9 evidente que tivemos atos processuais dos mais relevantes, ouvindo testemunhas e encerrando mais uma etapa do caso. A defesa trabalhou em tudo isso para retirar os excessos\u201d, afirmou.<\/p>\n\n\n\n<p>Entre os excessos que Dalledone cita para o j\u00fari, estariam o meio cruel, a oculta\u00e7\u00e3o de cad\u00e1ver e a acusa\u00e7\u00e3o de homic\u00eddio para Cristiana Brittes. \u201cPelo que ouvimos, temos certeza de que ela n\u00e3o ser\u00e1 pronunciada por homic\u00eddio\u201d, concluiu.<\/p>\n\n\n\n<p>Na ter\u00e7a-feira, Dalledone chegou a bater boca com Ribeiro no F\u00f3rum de S\u00e3o Jos\u00e9 dos Pinhais, ap\u00f3s mat\u00e9ria publicada pela Banda B. A cr\u00edtica do advogado de defesa se deu ap\u00f3s Ribeiro criticar o comportamento dos r\u00e9us na sala de audi\u00eancia. Ele definiu a declara\u00e7\u00e3o como \u201cfake news\u201d.<\/p>\n\n\n\n<h2 class=\"wp-block-heading\"><strong>Pr\u00f3ximas fases<\/strong><\/h2>\n\n\n\n<p>Antes do interrogat\u00f3rio dos acusados, que \u00e9 a pr\u00f3xima fase do processo, devem ser ouvidas outras duas testemunhas em Conselheiro Lafaiete, Minas Gerais. Fica tamb\u00e9m a expectativa para outra testemunha arrolada pela defesa da fam\u00edlia Brittes que falaria sobre o comportamento de Daniel.<\/p>\n\n\n\n<p>Para Ribeiro, a impress\u00e3o deixada pela audi\u00eancia \u00e9 a de que a defesa tenta adiar ao m\u00e1ximo o j\u00fari popular de Edison Brittes e dos demais acusados. \u201cRespeito a defesa, mas s\u00f3 leva a crer que eles n\u00e3o tem outra sa\u00edda. A tentativa \u00e9 a de adiar o j\u00fari para adiar a condena\u00e7\u00e3o, lamento que isso tenha ocorrido\u201d, comentou.<\/p>\n\n\n\n<p>BandaB<\/p>\n","protected":false},"excerpt":{"rendered":"<p>Daniel Corr\u00eaa Freitas foi assassinado em outubro do ano passado e sete pessoas respondem a diferentes crimes Com 44 testemunhas de defesa ouvidas em tr\u00eas dias, a ju\u00edza Luciani Regina Martins de Paula encerrou nesta quarta-feira (3) a 2\u00aa fase da audi\u00eancia de instru\u00e7\u00e3o do Caso Daniel. Na segunda-feira (1), havia a expectativa de que [&hellip;]<\/p>\n","protected":false},"author":2,"featured_media":4382,"comment_status":"open","ping_status":"open","sticky":false,"template":"","format":"standard","meta":{"advanced_seo_description":"","jetpack_seo_html_title":"","jetpack_seo_noindex":false,"_jetpack_memberships_contains_paid_content":false,"footnotes":""},"categories":[33],"tags":[],"class_list":{"0":"post-4381","1":"post","2":"type-post","3":"status-publish","4":"format-standard","5":"has-post-thumbnail","7":"category-policia"},"jetpack_featured_media_url":"https:\/\/www.paranapraia.com.br\/wp-content\/uploads\/2019\/04\/download-1.jpg","jetpack_sharing_enabled":true,"_links":{"self":[{"href":"https:\/\/www.paranapraia.com.br\/index.php\/wp-json\/wp\/v2\/posts\/4381"}],"collection":[{"href":"https:\/\/www.paranapraia.com.br\/index.php\/wp-json\/wp\/v2\/posts"}],"about":[{"href":"https:\/\/www.paranapraia.com.br\/index.php\/wp-json\/wp\/v2\/types\/post"}],"author":[{"embeddable":true,"href":"https:\/\/www.paranapraia.com.br\/index.php\/wp-json\/wp\/v2\/users\/2"}],"replies":[{"embeddable":true,"href":"https:\/\/www.paranapraia.com.br\/index.php\/wp-json\/wp\/v2\/comments?post=4381"}],"version-history":[{"count":1,"href":"https:\/\/www.paranapraia.com.br\/index.php\/wp-json\/wp\/v2\/posts\/4381\/revisions"}],"predecessor-version":[{"id":4383,"href":"https:\/\/www.paranapraia.com.br\/index.php\/wp-json\/wp\/v2\/posts\/4381\/revisions\/4383"}],"wp:featuredmedia":[{"embeddable":true,"href":"https:\/\/www.paranapraia.com.br\/index.php\/wp-json\/wp\/v2\/media\/4382"}],"wp:attachment":[{"href":"https:\/\/www.paranapraia.com.br\/index.php\/wp-json\/wp\/v2\/media?parent=4381"}],"wp:term":[{"taxonomy":"category","embeddable":true,"href":"https:\/\/www.paranapraia.com.br\/index.php\/wp-json\/wp\/v2\/categories?post=4381"},{"taxonomy":"post_tag","embeddable":true,"href":"https:\/\/www.paranapraia.com.br\/index.php\/wp-json\/wp\/v2\/tags?post=4381"}],"curies":[{"name":"wp","href":"https:\/\/api.w.org\/{rel}","templated":true}]}}