{"id":4377,"date":"2019-04-03T20:47:04","date_gmt":"2019-04-03T23:47:04","guid":{"rendered":"https:\/\/www.paranapraia.com.br\/?p=4377"},"modified":"2019-04-03T20:47:06","modified_gmt":"2019-04-03T23:47:06","slug":"fomento-parana-reduz-taxa-de-juros-para-investimentos-2","status":"publish","type":"post","link":"https:\/\/www.paranapraia.com.br\/index.php\/2019\/04\/03\/fomento-parana-reduz-taxa-de-juros-para-investimentos-2\/","title":{"rendered":"Fomento Paran\u00e1 reduz taxa de juros para investimentos"},"content":{"rendered":"\n<h4 class=\"wp-block-heading\">Pablo Granemann trabalhava como assessor de conselheiro; ele se tornou r\u00e9u por participa\u00e7\u00e3o em organiza\u00e7\u00e3o criminosa e repasse de propina ao ex-governador Beto Richa (PSDB).<\/h4>\n\n\n\n<p>O presidente do Tribunal de Contas do Estado do Paran\u00e1 (TCE-PR), conselheiro Nestor Baptista, exonerou nesta quarta-feira (3) o servidor Pablo Granemann,\u00a0r\u00e9u em processo da Opera\u00e7\u00e3o Quadro Negro, que apura desvios de mais de R$ 20 milh\u00f5es em obras de escolas p\u00fablicas.<\/p>\n\n\n\n<p>Granemann ocupava cargo de assessor de conselheiro. Conforme a transpar\u00eancia do TCE-PR, ele recebia mensalmente R$ 16.041,54, sem considerar descontos.<\/p>\n\n\n\n<p>A assessoria da corte de contas informou que ele foi exonerado por ter se tornado r\u00e9u na Quadro Negro. Granemann se tornou r\u00e9u por participa\u00e7\u00e3o em organiza\u00e7\u00e3o criminosa e repasse de propina ao ex-governador Beto Richa (PSDB).<\/p>\n\n\n\n<p>A defesa de Pablo afirmou que ainda n\u00e3o teve acesso \u00e0 informa\u00e7\u00e3o e que ele alega inoc\u00eancia nos fatos descritos pelo Minist\u00e9rio P\u00fablico do Paran\u00e1 (MP-PR).<\/p>\n\n\n\n<p>Em depoimento prestado na segunda-feira (1\u00ba), o delator e ex-diretor da Secretaria de Educa\u00e7\u00e3o, Maur\u00edcio Fanini disse que em mar\u00e7o de 2013entregou R$ 500 mil em dinheiro vivo a Granemann\u00a0e que o destinat\u00e1rio dos valores era Luiz Abi Antoun, primo do ex-governador.<\/p>\n\n\n\n<p>Richa est\u00e1 preso desde 19 de mar\u00e7o, ap\u00f3s um desdobramento da opera\u00e7\u00e3o.\u00a0Granemann chegou a ser preso temporariamente em 29 de mar\u00e7o, mas a Justi\u00e7a autorizou uso de tornozeleira eletr\u00f4nica.<\/p>\n\n\n\n<p>O MP-PR aponta Richa como chefe da organiza\u00e7\u00e3o criminosa e principal benefici\u00e1rio das propinas. A defesa dele diz repelir as alega\u00e7\u00f5es, &#8220;pois n\u00e3o s\u00e3o verdadeiras e isso se comprovar\u00e1 nos autos&#8221;.<\/p>\n\n\n\n<figure class=\"wp-block-image\"><img decoding=\"async\" src=\"https:\/\/s2.glbimg.com\/ZhJa5RcWKaZPbKda5naUAcWREMI=\/0x0:620x349\/984x0\/smart\/filters:strip_icc()\/i.s3.glbimg.com\/v1\/AUTH_59edd422c0c84a879bd37670ae4f538a\/internal_photos\/bs\/2019\/m\/G\/AdpFQ4TXGHxxT6esVduQ\/granemann.jpg\" alt=\"Pablo Granemann, servidor do Tribunal de Contas, \u00e9 r\u00e9u na Opera\u00e7\u00e3o Quadro Negro \u2014 Foto: RPC\/Reprodu\u00e7\u00e3o\"\/><\/figure>\n\n\n\n<p>Pablo Granemann, servidor do Tribunal de Contas, \u00e9 r\u00e9u na Opera\u00e7\u00e3o Quadro Negro \u2014 Foto: RPC\/Reprodu\u00e7\u00e3o<\/p>\n\n\n\n<p>G1<\/p>\n","protected":false},"excerpt":{"rendered":"<p>Pablo Granemann trabalhava como assessor de conselheiro; ele se tornou r\u00e9u por participa\u00e7\u00e3o em organiza\u00e7\u00e3o criminosa e repasse de propina ao ex-governador Beto Richa (PSDB). O presidente do Tribunal de Contas do Estado do Paran\u00e1 (TCE-PR), conselheiro Nestor Baptista, exonerou nesta quarta-feira (3) o servidor Pablo Granemann,\u00a0r\u00e9u em processo da Opera\u00e7\u00e3o Quadro Negro, que apura [&hellip;]<\/p>\n","protected":false},"author":2,"featured_media":4379,"comment_status":"open","ping_status":"open","sticky":false,"template":"","format":"standard","meta":{"advanced_seo_description":"","jetpack_seo_html_title":"","jetpack_seo_noindex":false,"_jetpack_memberships_contains_paid_content":false,"footnotes":""},"categories":[1],"tags":[],"class_list":{"0":"post-4377","1":"post","2":"type-post","3":"status-publish","4":"format-standard","5":"has-post-thumbnail","7":"category-sem-categoria"},"jetpack_featured_media_url":"https:\/\/www.paranapraia.com.br\/wp-content\/uploads\/2019\/04\/aaaa.jpeg","jetpack_sharing_enabled":true,"_links":{"self":[{"href":"https:\/\/www.paranapraia.com.br\/index.php\/wp-json\/wp\/v2\/posts\/4377"}],"collection":[{"href":"https:\/\/www.paranapraia.com.br\/index.php\/wp-json\/wp\/v2\/posts"}],"about":[{"href":"https:\/\/www.paranapraia.com.br\/index.php\/wp-json\/wp\/v2\/types\/post"}],"author":[{"embeddable":true,"href":"https:\/\/www.paranapraia.com.br\/index.php\/wp-json\/wp\/v2\/users\/2"}],"replies":[{"embeddable":true,"href":"https:\/\/www.paranapraia.com.br\/index.php\/wp-json\/wp\/v2\/comments?post=4377"}],"version-history":[{"count":1,"href":"https:\/\/www.paranapraia.com.br\/index.php\/wp-json\/wp\/v2\/posts\/4377\/revisions"}],"predecessor-version":[{"id":4380,"href":"https:\/\/www.paranapraia.com.br\/index.php\/wp-json\/wp\/v2\/posts\/4377\/revisions\/4380"}],"wp:featuredmedia":[{"embeddable":true,"href":"https:\/\/www.paranapraia.com.br\/index.php\/wp-json\/wp\/v2\/media\/4379"}],"wp:attachment":[{"href":"https:\/\/www.paranapraia.com.br\/index.php\/wp-json\/wp\/v2\/media?parent=4377"}],"wp:term":[{"taxonomy":"category","embeddable":true,"href":"https:\/\/www.paranapraia.com.br\/index.php\/wp-json\/wp\/v2\/categories?post=4377"},{"taxonomy":"post_tag","embeddable":true,"href":"https:\/\/www.paranapraia.com.br\/index.php\/wp-json\/wp\/v2\/tags?post=4377"}],"curies":[{"name":"wp","href":"https:\/\/api.w.org\/{rel}","templated":true}]}}