{"id":4374,"date":"2019-04-03T20:43:31","date_gmt":"2019-04-03T23:43:31","guid":{"rendered":"https:\/\/www.paranapraia.com.br\/?p=4374"},"modified":"2019-04-03T20:43:32","modified_gmt":"2019-04-03T23:43:32","slug":"fomento-parana-reduz-taxa-de-juros-para-investimentos","status":"publish","type":"post","link":"https:\/\/www.paranapraia.com.br\/index.php\/2019\/04\/03\/fomento-parana-reduz-taxa-de-juros-para-investimentos\/","title":{"rendered":"Fomento Paran\u00e1 reduz taxa de juros para investimentos"},"content":{"rendered":"\n<p>Ficou ainda mais barato conseguir cr\u00e9dito para empreender no Estado. Nesta quarta-feira (3), o governador Carlos Massa Ratinho Junior anunciou a redu\u00e7\u00e3o nas taxas de juros das opera\u00e7\u00f5es de cr\u00e9dito da Fomento Paran\u00e1, institui\u00e7\u00e3o financeira estadual que oferece cr\u00e9dito a empreendedores.<\/p>\n\n\n\n<p>As taxas para empresas de micro, pequeno e m\u00e9dio portes tiveram redu\u00e7\u00e3o m\u00e9dia de 1,29 ponto percentual ao ano, enquanto que no microcr\u00e9dito a redu\u00e7\u00e3o foi de 3,32 pontos percentuais.<\/p>\n\n\n\n<p>Na solenidade, realizada no Pal\u00e1cio Igua\u00e7u, em Curitiba, tamb\u00e9m foi assinado um conv\u00eanio entre a Fomento Paran\u00e1 e a Federa\u00e7\u00e3o das Ind\u00fastrias do Paran\u00e1 (Fiep). A Fiep passou a ser correspondente da Fomento Paran\u00e1 e pode ofertar cr\u00e9dito.<\/p>\n\n\n\n<p><em>\u201cA<\/em>&nbsp;ideia com esses projetos \u00e9 estar ainda mais pr\u00f3ximo do setor produtivo, criando um ambiente favor\u00e1vel ao empreendedorismo e ao desenvolvimento da atividade econ\u00f4mica\u201d, afirmou o governador.<\/p>\n\n\n\n<p>Ratinho Junior refor\u00e7ou que o Paran\u00e1 passa por um bom momento pol\u00edtico e econ\u00f4mico, e que precisa aproveit\u00e1-lo. Ele disse que o Governo do Estado j\u00e1 prospectou muitos investimentos de empresas de m\u00e9dio e grande porte.<\/p>\n\n\n\n<p><strong>TAXAS &#8211;<\/strong>&nbsp;A redu\u00e7\u00e3o mais representativa das taxas de juro ocorre no microcr\u00e9dito, segmento que apresenta maior procura e maior volume de opera\u00e7\u00f5es e para o qual foram liberados R$ 300 milh\u00f5es em 29 mil contratos,&nbsp; nos \u00faltimos oito anos.<\/p>\n\n\n\n<p>A menor taxa de juros do microcr\u00e9dito, que era de 1,73% ao m\u00eas, cai para 1,49% para clientes com menor risco de cr\u00e9dito, classificados como bons pagadores, e tamb\u00e9m empreendedores que fazem cursos de capacita\u00e7\u00e3o gerencial do Sebrae-PR ou do Bom Neg\u00f3cio Paran\u00e1.&nbsp;Na pr\u00e1tica significa que em uma opera\u00e7\u00e3o de R$ 10 mil o cliente vai pagar R$ 508 a menos de juros em um financiamento de 36 meses.<\/p>\n\n\n\n<p>A taxa tamb\u00e9m diminuiu para projetos de empresas de m\u00e9dio e grande porte, que em geral s\u00e3o atendidas com recursos de repasse do BNDES. Nesse caso, a taxa m\u00e9dia de juros ao m\u00eas nessas opera\u00e7\u00f5es, que era de 1,28%, caiu para 1,23% ao m\u00eas.<\/p>\n\n\n\n<p><strong>NOVO CICLO &#8211;<\/strong>&nbsp;O diretor-presidente da Fomento Paran\u00e1, Heraldo Alves das Neves, lembra que o cr\u00e9dito \u00e9 um componente essencial para o crescimento da economia, principalmente no momento atual por qual passa o pa\u00eds.<\/p>\n\n\n\n<p>\u201cEstamos em um novo ciclo de desenvolvimento e o cr\u00e9dito se torna ainda mais importante, porque cada real investido tem um efeito multiplicador importante para gera\u00e7\u00e3o de tributos de renda\u201d, disse ele.<\/p>\n\n\n\n<p>Neves refor\u00e7ou, ainda, que esse novo modelo de classifica\u00e7\u00e3o das opera\u00e7\u00f5es \u00e9 baseado na classifica\u00e7\u00e3o de risco de cada opera\u00e7\u00e3o. \u201cEstamos promovendo uma redu\u00e7\u00e3o das taxas aos empreendedores que t\u00eam um bom cadastro, um bom hist\u00f3rico de pagamento e uma boa capacidade de endividamento e gera\u00e7\u00e3o de caixa. A l\u00f3gica \u00e9 seguinte: bom cadastro, expectativa de perda menor e juros menores\u201d, disse ele.<\/p>\n\n\n\n<p><strong>CONV\u00caNIO &#8211;&nbsp;<\/strong>Com o conv\u00eanio, a&nbsp;Fiep&nbsp;passa a oferecer cr\u00e9dito de R$ 20 mil a R$1,5 milh\u00e3o da Fomento Paran\u00e1 para micro, pequenas e m\u00e9dias empresas da ind\u00fastria. \u201c\u00c9 uma coopera\u00e7\u00e3o que estamos fazendo e que gera uma grande oportunidade para que os industriais, que muitas vezes t\u00eam dificuldade de acesso ao cr\u00e9dito, possam consegui-lo\u201d, disse o presidente da federa\u00e7\u00e3o, Edson Campagnolo.<\/p>\n\n\n\n<p>Campagnolo tamb\u00e9m relatou que as taxas de juro de mercado, apesar de a taxa Selic estar baixa, ainda est\u00e3o elevadas. \u201cEnt\u00e3o, quando voc\u00ea tem linha de cr\u00e9dito espec\u00edfica com a Fomento Paran\u00e1, o empreendedor passa a ter acesso a uma taxa de juros e prazos mais alongados, especialmente naquilo que se refere a investimentos\u201d, disse.<\/p>\n\n\n\n<p><strong>PRESEN\u00c7AS \u2013\u00a0<\/strong>Participaram da solenidade o chefe da Casa Civil, Guto Silva; o secret\u00e1rio de Estado de Desenvolvimento Urbano, Jo\u00e3o Carlos Ortega; o l\u00edder do governo na Assembleia, deputado Hussein Bakri; o presidente da Associa\u00e7\u00e3o das Empresa da Cidade Industrial de Curitiba (AECIC), Nelson Hubner; a diretora de capacita\u00e7\u00e3o da C\u00e2mara da Mulher Empreendedora e Gestora de Neg\u00f3cios da Fecom\u00e9rcio, Luciana Burko; o diretor de opera\u00e7\u00f5es do Sebrae, Julio Agostini; e os deputados estaduais delegado Recalcatti e Tiago Amaral.<\/p>\n\n\n\n<p>Ag\u00eancia de noticias do parana<\/p>\n","protected":false},"excerpt":{"rendered":"<p>Ficou ainda mais barato conseguir cr\u00e9dito para empreender no Estado. Nesta quarta-feira (3), o governador Carlos Massa Ratinho Junior anunciou a redu\u00e7\u00e3o nas taxas de juros das opera\u00e7\u00f5es de cr\u00e9dito da Fomento Paran\u00e1, institui\u00e7\u00e3o financeira estadual que oferece cr\u00e9dito a empreendedores. As taxas para empresas de micro, pequeno e m\u00e9dio portes tiveram redu\u00e7\u00e3o m\u00e9dia de [&hellip;]<\/p>\n","protected":false},"author":2,"featured_media":4375,"comment_status":"open","ping_status":"open","sticky":false,"template":"","format":"standard","meta":{"advanced_seo_description":"","jetpack_seo_html_title":"","jetpack_seo_noindex":false,"_jetpack_memberships_contains_paid_content":false,"footnotes":""},"categories":[42],"tags":[],"class_list":{"0":"post-4374","1":"post","2":"type-post","3":"status-publish","4":"format-standard","5":"has-post-thumbnail","7":"category-cidades"},"jetpack_featured_media_url":"https:\/\/www.paranapraia.com.br\/wp-content\/uploads\/2019\/04\/normal_IMG_3746.jpg","jetpack_sharing_enabled":true,"_links":{"self":[{"href":"https:\/\/www.paranapraia.com.br\/index.php\/wp-json\/wp\/v2\/posts\/4374"}],"collection":[{"href":"https:\/\/www.paranapraia.com.br\/index.php\/wp-json\/wp\/v2\/posts"}],"about":[{"href":"https:\/\/www.paranapraia.com.br\/index.php\/wp-json\/wp\/v2\/types\/post"}],"author":[{"embeddable":true,"href":"https:\/\/www.paranapraia.com.br\/index.php\/wp-json\/wp\/v2\/users\/2"}],"replies":[{"embeddable":true,"href":"https:\/\/www.paranapraia.com.br\/index.php\/wp-json\/wp\/v2\/comments?post=4374"}],"version-history":[{"count":1,"href":"https:\/\/www.paranapraia.com.br\/index.php\/wp-json\/wp\/v2\/posts\/4374\/revisions"}],"predecessor-version":[{"id":4376,"href":"https:\/\/www.paranapraia.com.br\/index.php\/wp-json\/wp\/v2\/posts\/4374\/revisions\/4376"}],"wp:featuredmedia":[{"embeddable":true,"href":"https:\/\/www.paranapraia.com.br\/index.php\/wp-json\/wp\/v2\/media\/4375"}],"wp:attachment":[{"href":"https:\/\/www.paranapraia.com.br\/index.php\/wp-json\/wp\/v2\/media?parent=4374"}],"wp:term":[{"taxonomy":"category","embeddable":true,"href":"https:\/\/www.paranapraia.com.br\/index.php\/wp-json\/wp\/v2\/categories?post=4374"},{"taxonomy":"post_tag","embeddable":true,"href":"https:\/\/www.paranapraia.com.br\/index.php\/wp-json\/wp\/v2\/tags?post=4374"}],"curies":[{"name":"wp","href":"https:\/\/api.w.org\/{rel}","templated":true}]}}