{"id":4368,"date":"2019-04-03T20:40:56","date_gmt":"2019-04-03T23:40:56","guid":{"rendered":"https:\/\/www.paranapraia.com.br\/?p=4368"},"modified":"2019-04-03T20:40:57","modified_gmt":"2019-04-03T23:40:57","slug":"as-caravanas-de-evangelicos-brasileiros-que-movimentam-turismo-de-israel-2","status":"publish","type":"post","link":"https:\/\/www.paranapraia.com.br\/index.php\/2019\/04\/03\/as-caravanas-de-evangelicos-brasileiros-que-movimentam-turismo-de-israel-2\/","title":{"rendered":"As caravanas de evang\u00e9licos brasileiros que movimentam turismo de Israel"},"content":{"rendered":"\n<h2 class=\"wp-block-heading\"><\/h2>\n\n\n\n<p>O pastor Silas Malafaia aponta para uma parede de tijolos antigos com uma pequena abertura. &#8220;Ol\u00e1, minha gente, estamos aqui no Jardim do T\u00famulo, em Jerusal\u00e9m. O t\u00famulo est\u00e1 vazio, Jesus ressuscitou, vivo ele est\u00e1 para todo sempre&#8221;, diz.<\/p>\n\n\n\n<p>Publicado nas redes sociais, o v\u00eddeo \u00e9 uma propaganda: uma m\u00fasica eletr\u00f4nica acompanha imagens do rio Jord\u00e3o e do Jardim do Gets\u00eamani, pontos hist\u00f3ricos do cristianismo. &#8220;Caravana com o Pastor Silas Malafaia&#8230; Israel, Dubai, Jord\u00e2nia. Parcelamento em 14 vezes.&#8221;<\/p>\n\n\n\n<p>Eventos como esse s\u00e3o cada vez mais comuns entre religiosos brasileiros, principalmente\u00a0evang\u00e9licos. Como Silas Malafaia, outros pastores e l\u00edderes de congrega\u00e7\u00f5es t\u00eam investido em viagens para Israel, por onde guiam fi\u00e9is a locais descritos na B\u00edblia.Qual a import\u00e2ncia das Colinas de Gol\u00e3, que Trump reconhece como territ\u00f3rio de Israel<\/p>\n\n\n\n<p>O que o Brasil pode ganhar e perder se aproximando de Israel<\/p>\n\n\n\n<p>Nessa semana, o presidente\u00a0Jair Bolsonaro (PSL)\u00a0fez uma visita oficial a Israel. N\u00e3o foi a primeira vez que Bolsonaro esteve na regi\u00e3o: em 2016, apesar de se dizer cat\u00f3lico, o ent\u00e3o deputado federal foi batizado por um pastor evang\u00e9lico nas \u00e1guas do rio Jord\u00e3o, um dos pontos obrigat\u00f3rios nas caravanas religiosas de brasileiros.<\/p>\n\n\n\n<p>Na \u00e9poca, o gesto de Bolsonaro foi visto com um aceno aos evang\u00e9licos &#8211; dois anos depois, ele foi eleito presidente com grande apoio desse setor.<\/p>\n\n\n\n<p>Segundo o Minist\u00e9rio do Turismo israelense, 62,5 mil brasileiros visitaram o pa\u00eds no ano passado &#8211; 14% a mais do que em 2017, terceira alta seguida. Embora os n\u00fameros estejam distantes dos Estados Unidos (quase 890 mil americanos fizeram a viagem no ano passado), o Brasil \u00e9 o pa\u00eds da Am\u00e9rica Latina que mais envia turistas a Israel.<\/p>\n\n\n\n<figure class=\"wp-block-image\"><img decoding=\"async\" src=\"https:\/\/ichef.bbci.co.uk\/news\/624\/cpsprodpb\/EE7D\/production\/_106235016_malafaia.jpg\" alt=\"Pastor Silas Malafaia, da Igreja Vit\u00f3ria em Cristo\"\/><figcaption>Image captionEm maio, o pastor Silas Malafaia vai promover uma caravana para Israel com fi\u00e9is evang\u00e9licos<\/figcaption><\/figure>\n\n\n\n<p>Essa alta no fluxo fez a companhia a\u00e9rea Latam inaugurar h\u00e1 alguns meses uma rota entre S\u00e3o Paulo e Tel Aviv, cujo foco principal \u00e9 o turismo religioso de brasileiros com destino \u00e0 Terra Santa.<\/p>\n\n\n\n<p>O turismo de&nbsp;<a href=\"https:\/\/www.bbc.com\/portuguese\/topics\/84b77b58-6acb-4074-8733-c237a0687641\">Israel&nbsp;<\/a>tem se aquecido nos \u00faltimos anos. Proporcionalmente, o pa\u00eds recebe mais estrangeiros que o Brasil, se levarmos em conta o tamanho dos dois territ\u00f3rios.<\/p>\n\n\n\n<p>Fundado em 1948, o pa\u00eds do Oriente M\u00e9dio tem uma \u00e1rea 20,7 mil quil\u00f4metros quadrados &#8211; mais ou menos o tamanho de Sergipe &#8211; e recebeu 4,2 milh\u00f5es de estrangeiros no ano passado, alta de 14% em rela\u00e7\u00e3o a 2017. O Brasil tem uma \u00e1rea de 8,5 milh\u00f5es de km\u00b2 e recebeu cerca de 7 milh\u00f5es de turistas.<\/p>\n\n\n\n<p>Apesar de o pa\u00eds ter outras atra\u00e7\u00f5es, como praias e alta gastronomia, locais importantes para as tr\u00eas grandes religi\u00f5es monote\u00edstas &#8211; cristianismo, islamismo e juda\u00edsmo &#8211; atraem milh\u00f5es de fi\u00e9is. Uma pesquisa do governo israelense mostrou que 61% dos turistas estrangeiros que desembarcaram no ano passado eram crist\u00e3os &#8211; outros 22% eram judeus e 1,8%, mu\u00e7ulmanos.<\/p>\n\n\n\n<h2 class=\"wp-block-heading\">O mercado de caravanas<\/h2>\n\n\n\n<p>S\u00f3 a operadora de turismo do empres\u00e1rio Ricardo Caro, a Terra Santa Viagens, faz cerca de 35 caravanas religiosas para Israel todos os anos. Segundo ele, para os pr\u00f3ximos dois, sua empresa j\u00e1 tem 72 viagens programadas.<\/p>\n\n\n\n<p>&#8220;Para n\u00f3s, levar os peregrinos para Israel \u00e9 uma miss\u00e3o de Deus&#8221;, diz Caro, que h\u00e1 12 anos mudou o foco de sua empresa para o turismo religioso. &#8220;Foi uma dire\u00e7\u00e3o que Deus colocou na nossa vida&#8221;, diz ele.<\/p>\n\n\n\n<figure class=\"wp-block-image\"><img decoding=\"async\" src=\"https:\/\/ichef.bbci.co.uk\/news\/624\/cpsprodpb\/163AD\/production\/_106235019_14881532626_e0dcc35e67_o.jpg\" alt=\"Cidade velha de Jerusal\u00e9m\"\/><figcaption>Image captionSegundo o Minist\u00e9rio do Turismo de Israel, 62,5 mil brasileiros visitaram o pa\u00eds no ano passado &#8211; Jerusal\u00e9m \u00e9 um dos principais destinos<\/figcaption><\/figure>\n\n\n\n<p>A empres\u00e1ria Rosana Maria Sancricca, da ag\u00eancia El Gibor, conta que pastores e igrejas costumam procurar sua operadora para realizar as caravanas. &#8220;O mercado tem crescido bastante, mas ainda existem empecilhos, como a alta do d\u00f3lar&#8221;, diz.<\/p>\n\n\n\n<p>Nesse ano, sua ag\u00eancia far\u00e1 sete viagens \u00e0 Terra Santa, caravanas que ela come\u00e7ou a organizar um ano atr\u00e1s. &#8220;Os clientes t\u00eam um poder aquisitivo maior, mas j\u00e1 vi gente vendendo carro e casa para pagar as despesas. Para muita gente, ir para Israel \u00e9 um sonho&#8221;, afirma.<\/p>\n\n\n\n<p>Segundo operadores da \u00e1rea, as caravanas evang\u00e9licas custam a partir de U$ 3.600 (cerca R$ 14 mil). Mas h\u00e1 viagens mais caras, pois a classifica\u00e7\u00e3o de hot\u00e9is e a presen\u00e7a de pastores famosos como guias costumam fazer o pre\u00e7o subir.<\/p>\n\n\n\n<p>Em geral, as turmas t\u00eam de 35 a 45 pessoas, mas h\u00e1 algumas com mais de 100 &#8211; elas ficam at\u00e9 25 dias no passeio. Por causa de escalas obrigat\u00f3rias, as caravanas costumam parar em cidades como Roma, Paris ou Cairo. No caso do tour de Malafaia, organizado pela US Travel, os participantes ir\u00e3o passar por Dubai e pela Jord\u00e2nia.<\/p>\n\n\n\n<p>Guiados pelo famoso pastor da Associa\u00e7\u00e3o Vit\u00f3ria em Cristo, os 150 peregrinos visitar\u00e3o cen\u00e1rios pelos quais Jesus passou, segundo a B\u00edblia, como a Piscina de Betesda e a Fortaleza Ant\u00f4nia, palco de sua pris\u00e3o e julgamento.<\/p>\n\n\n\n<p>A caravana vai durar 11 dias e custar\u00e1 a partir de R$ 22 mil &#8211; o pacote inclui hot\u00e9is quatro estrelas, caf\u00e9 da manh\u00e3, jantar, transporte e guia falando portugu\u00eas.<\/p>\n\n\n\n<p>Em entrevista \u00e0 BBC News Brasil, Malafaia contou que organiza caravanas h\u00e1 25 anos, \u00e9poca em que ele come\u00e7ou a despontar como um nome influente no meio evang\u00e9lico. &#8220;J\u00e1 levei mais 20 mil brasileiros para Israel&#8221;, diz.<\/p>\n\n\n\n<p>O pastor, que j\u00e1 foi 24 vezes ao pa\u00eds, participa de apenas uma viagem por ano, mas organiza outras sete. &#8220;Quem organiza sou eu. Com um pouquinho do prest\u00edgio que eu tenho no mundo evang\u00e9lico, a turma me reconhece&#8221;, explica.<\/p>\n\n\n\n<h2 class=\"wp-block-heading\">A presen\u00e7a do pastor<\/h2>\n\n\n\n<figure class=\"wp-block-image\"><img decoding=\"async\" src=\"https:\/\/ichef.bbci.co.uk\/news\/624\/cpsprodpb\/2F15\/production\/_106235021_jerusalempanoramica.jpg\" alt=\"Jerusal\u00e9m\"\/><figcaption>Image captionSegundo pesquisador, fluxo maior de evang\u00e9licos brasileiros a Israel come\u00e7ou nos anos 2000<\/figcaption><\/figure>\n\n\n\n<p>Malafaia n\u00e3o \u00e9 o \u00fanico l\u00edder religioso influente no mercado de caravanas. Outros nomes famosos no meio tamb\u00e9m fazem viagens frequentes, como os pastores Ren\u00ea da Terra Nova, Valdemiro Santiago (Mundial do Poder de Deus), Estevam Hernandes (Renascer em Cristo), Caio F\u00e1bio, Ap\u00f3stolo L\u00e9o e a cantora gospel Ana Paula Valad\u00e3o, do grupo Diante do Trono.<\/p>\n\n\n\n<p>Operadores consultados pela BBC News Brasil disseram que, embora os casos sejam raros, algumas igrejas e pastores t\u00eam participa\u00e7\u00e3o na venda dos tours. H\u00e1 tamb\u00e9m casos de igrejas com suas pr\u00f3prias ag\u00eancias de turismo &#8211; a Universal do Reino de Deus, por exemplo, j\u00e1 teve uma operadora no setor.<\/p>\n\n\n\n<p>J\u00e1 Malafaia diz que, como contrapartida, recebe passagens para doar a amigos ou familiares. &#8220;As passagens que eu n\u00e3o uso s\u00e3o transformadas em recursos&#8221;, explica. Ele diz que as caravanas em seu nome n\u00e3o t\u00eam qualquer participa\u00e7\u00e3o da igreja que ele lidera, no Rio. &#8220;\u00c9 uma coisa minha, que eu organizo. N\u00e3o tem absolutamente nada a ver com a igreja.&#8221;<\/p>\n\n\n\n<p>Segundo Magno Paganelli, doutor em hist\u00f3ria social pela Universidade de S\u00e3o Paulo (USP), a ida costumeira de evang\u00e9licos brasileiros \u00e0 Terra Santa come\u00e7ou nos anos 1950, mas se restringia a um n\u00famero pequeno de pastores, principalmente da Assembleia de Deus.<\/p>\n\n\n\n<p>&#8220;A igreja costumava bancar as viagens. Quando os pastores voltavam, faziam uma peregrina\u00e7\u00e3o por v\u00e1rios templos mostrando o que eles aprenderam em Israel e as fotos dos lugares hist\u00f3ricos&#8221;, diz Paganelli, cuja pesquisa de doutorado, defendida em 2018, foi sobre o crescimento do turismo evang\u00e9lico a Israel nos \u00faltimos anos.<\/p>\n\n\n\n<p>Segundo ele, o turismo de massa se fortaleceu apenas no final dos anos 1990 e in\u00edcio dos 2000, ap\u00f3s a estabiliza\u00e7\u00e3o do real e o aumento da renda m\u00e9dia dos brasileiros. &#8220;Nesse per\u00edodo, pastores carism\u00e1ticos como Valdemiro Santiago, Estevam Hernandes e o pr\u00f3prio Malafaia come\u00e7am a criar suas caravanas. Se o pastor tem m\u00eddia, se \u00e9 conhecido, normalmente ele promove essas viagens&#8221;, explica Paganelli.<\/p>\n\n\n\n<h2 class=\"wp-block-heading\">&#8216;Morar em Israel&#8217;<\/h2>\n\n\n\n<figure class=\"wp-block-image\"><img decoding=\"async\" src=\"https:\/\/ichef.bbci.co.uk\/news\/624\/cpsprodpb\/7D35\/production\/_106235023_marlene.jpg\" alt=\"A coordenadora de moda Marlene Fernandes Azevedo j\u00e1 foi duas vezes a Israel\"\/><figcaption>Image captionA coordenadora de moda Marlene Fernandes Azevedo j\u00e1 foi duas vezes a Israel<\/figcaption><\/figure>\n\n\n\n<p>A empres\u00e1ria Lizelane Nunes Lima, de 50 anos, fez sua primeira viagem a Israel em 2012. Evang\u00e9lica da Igreja Presbiteriana Renovada, de Bras\u00edlia, ela afirma que todo crist\u00e3o deveria visitar os cen\u00e1rios por onde Jesus passou, segundo a B\u00edblia.<\/p>\n\n\n\n<p>&#8220;\u00c9 dever de todo crist\u00e3o fazer essa perigrina\u00e7\u00e3o. Amo Israel de todas as formas, amo todos os lugares e as pessoas&#8221;, diz.<\/p>\n\n\n\n<p>Ela voltou outras duas vezes, mas como organizadora de sua pr\u00f3pria caravana. &#8220;Consegui reunir 35 pessoas para ir. Contatamos uma operadora e fomos&#8221;, conta.<\/p>\n\n\n\n<p>Depois de duas viagens, a coordenadora de moda Marlene Fernandes Azevedo, de 48 anos, pretende voltar em breve. &#8220;J\u00e1 fui para outros lugares, mas eu diria que a viagem dos sonhos foi para Israel, foi inesquec\u00edvel. Voc\u00ea \u00e9 privilegiada de passar por onde Jesus passou, voc\u00ea sente a presen\u00e7a de Jesus por ali&#8221;, conta a fiel da Congrega\u00e7\u00e3o Crist\u00e3 do Brasil.<\/p>\n\n\n\n<p>Lizlane pensa parecido, mas diz que, ap\u00f3s sua \u00faltima viagem, em 2017, come\u00e7ou a sonhar mais alto. &#8220;Eu me mudaria e moraria l\u00e1. J\u00e1 estou com abstin\u00eancia de Israel, preciso voltar&#8221;, diz.<\/p>\n\n\n\n<p>BBC<\/p>\n","protected":false},"excerpt":{"rendered":"<p>O pastor Silas Malafaia aponta para uma parede de tijolos antigos com uma pequena abertura. &#8220;Ol\u00e1, minha gente, estamos aqui no Jardim do T\u00famulo, em Jerusal\u00e9m. O t\u00famulo est\u00e1 vazio, Jesus ressuscitou, vivo ele est\u00e1 para todo sempre&#8221;, diz. Publicado nas redes sociais, o v\u00eddeo \u00e9 uma propaganda: uma m\u00fasica eletr\u00f4nica acompanha imagens do rio [&hellip;]<\/p>\n","protected":false},"author":2,"featured_media":4369,"comment_status":"open","ping_status":"open","sticky":false,"template":"","format":"standard","meta":{"advanced_seo_description":"","jetpack_seo_html_title":"","jetpack_seo_noindex":false,"_jetpack_memberships_contains_paid_content":false,"footnotes":""},"categories":[43],"tags":[],"class_list":{"0":"post-4368","1":"post","2":"type-post","3":"status-publish","4":"format-standard","5":"has-post-thumbnail","7":"category-cotidiano"},"jetpack_featured_media_url":"https:\/\/www.paranapraia.com.br\/wp-content\/uploads\/2019\/04\/bbc.jpg","jetpack_sharing_enabled":true,"_links":{"self":[{"href":"https:\/\/www.paranapraia.com.br\/index.php\/wp-json\/wp\/v2\/posts\/4368"}],"collection":[{"href":"https:\/\/www.paranapraia.com.br\/index.php\/wp-json\/wp\/v2\/posts"}],"about":[{"href":"https:\/\/www.paranapraia.com.br\/index.php\/wp-json\/wp\/v2\/types\/post"}],"author":[{"embeddable":true,"href":"https:\/\/www.paranapraia.com.br\/index.php\/wp-json\/wp\/v2\/users\/2"}],"replies":[{"embeddable":true,"href":"https:\/\/www.paranapraia.com.br\/index.php\/wp-json\/wp\/v2\/comments?post=4368"}],"version-history":[{"count":1,"href":"https:\/\/www.paranapraia.com.br\/index.php\/wp-json\/wp\/v2\/posts\/4368\/revisions"}],"predecessor-version":[{"id":4370,"href":"https:\/\/www.paranapraia.com.br\/index.php\/wp-json\/wp\/v2\/posts\/4368\/revisions\/4370"}],"wp:featuredmedia":[{"embeddable":true,"href":"https:\/\/www.paranapraia.com.br\/index.php\/wp-json\/wp\/v2\/media\/4369"}],"wp:attachment":[{"href":"https:\/\/www.paranapraia.com.br\/index.php\/wp-json\/wp\/v2\/media?parent=4368"}],"wp:term":[{"taxonomy":"category","embeddable":true,"href":"https:\/\/www.paranapraia.com.br\/index.php\/wp-json\/wp\/v2\/categories?post=4368"},{"taxonomy":"post_tag","embeddable":true,"href":"https:\/\/www.paranapraia.com.br\/index.php\/wp-json\/wp\/v2\/tags?post=4368"}],"curies":[{"name":"wp","href":"https:\/\/api.w.org\/{rel}","templated":true}]}}