{"id":4342,"date":"2019-04-03T14:01:26","date_gmt":"2019-04-03T17:01:26","guid":{"rendered":"https:\/\/www.paranapraia.com.br\/?p=4342"},"modified":"2019-04-03T14:01:28","modified_gmt":"2019-04-03T17:01:28","slug":"policiais-nao-devem-esperar-tomar-tiro-para-atirar-diz-moro","status":"publish","type":"post","link":"https:\/\/www.paranapraia.com.br\/index.php\/2019\/04\/03\/policiais-nao-devem-esperar-tomar-tiro-para-atirar-diz-moro\/","title":{"rendered":"Policiais n\u00e3o devem esperar tomar tiro para atirar, diz Moro"},"content":{"rendered":"\n<p>O ministro da Justi\u00e7a, Sergio Moro, afirmou nesta ter\u00e7a-feira que policiais n\u00e3o precisam esperar serem baleados para atirarem, em coment\u00e1rio feito em resposta ao uso de atiradores de elite por parte da pol\u00edcia do Rio de Janeiro.<br><\/p>\n\n\n\n<p>&#8220;O fato \u00e9 que um policial n\u00e3o precisa levar um tiro de fuzil para reagir&#8221;, afirmou o ministro durante o primeiro dia da feira de equipamentos de seguran\u00e7a LAAD, no Rio de Janeiro.<\/p>\n\n\n\n<p>Para um desenvolvimento pessoal e profissional \u00e9 necess\u00e1rio uma segunda l\u00edngua. Veja essa dica! <\/p>\n\n\n\n<p>O ministro afirmou que o combate \u00e0 viol\u00eancia e \u00e0 criminalidade no pa\u00eds precisa de uma \u201cconcerta\u00e7\u00e3o\u201d entre pol\u00edticas de seguran\u00e7a, urban\u00edsticas e sociais.<\/p>\n\n\n\n<p>A declara\u00e7\u00e3o de Moro foi dada em meio a uma nova pol\u00eamica envolvendo o governador do Rio de Janeiro, Wilson Witzel, que declarou em entrevista que o governo fluminense j\u00e1 est\u00e1 utilizando atiradores de elite em opera\u00e7\u00f5es no Rio de Janeiro.<\/p>\n\n\n\n<p>Um pedido de investiga\u00e7\u00e3o ao Minist\u00e9rio P\u00fablico do Rio de Janeiro contra o uso dos atiradores foi solicitado por uma deputada estadual do PSOL. Nesta ter\u00e7a feira, durante a LAAD, Witzel voltou a defender o uso dos atiradores de elite.<\/p>\n\n\n\n<p>&#8220;A pol\u00edcia tem que usar os meios necess\u00e1rios para proteger a popula\u00e7\u00e3o. Isso \u00e9 leg\u00edtima defesa da sociedade&#8221;, disse o governador a jornalistas.<\/p>\n\n\n\n<p>PACOTE ANTICRIME<\/p>\n\n\n\n<p>Moro tamb\u00e9m afirmou que mant\u00e9m confian\u00e7a de que o projeto com medidas de combate ao crime no pa\u00eds poder\u00e1 ser aprovado mesmo com o esfor\u00e7o do governo concentrado em aprovar a reforma da Previd\u00eancia.<\/p>\n\n\n\n<p>O ministro da Justi\u00e7a afirmou que aposta no di\u00e1logo com o Congresso para a aprova\u00e7\u00e3o do pacote de seguran\u00e7a e da reforma das aposentadorias.<\/p>\n\n\n\n<p>&#8220;Tenho plena confian\u00e7a que com exposi\u00e7\u00e3o e di\u00e1logo dos projetos (&#8230;) acho que com mais ou menos tempo, com eventuais modifica\u00e7\u00f5es e aprimoramentos, o governo vai conseguir aprovar&#8221;, disse Moro.<\/p>\n\n\n\n<p>Reuters<\/p>\n","protected":false},"excerpt":{"rendered":"<p>O ministro da Justi\u00e7a, Sergio Moro, afirmou nesta ter\u00e7a-feira que policiais n\u00e3o precisam esperar serem baleados para atirarem, em coment\u00e1rio feito em resposta ao uso de atiradores de elite por parte da pol\u00edcia do Rio de Janeiro. &#8220;O fato \u00e9 que um policial n\u00e3o precisa levar um tiro de fuzil para reagir&#8221;, afirmou o ministro [&hellip;]<\/p>\n","protected":false},"author":2,"featured_media":4343,"comment_status":"open","ping_status":"open","sticky":false,"template":"","format":"standard","meta":{"advanced_seo_description":"","jetpack_seo_html_title":"","jetpack_seo_noindex":false,"_jetpack_memberships_contains_paid_content":false,"footnotes":""},"categories":[40],"tags":[],"class_list":{"0":"post-4342","1":"post","2":"type-post","3":"status-publish","4":"format-standard","5":"has-post-thumbnail","7":"category-destaques"},"jetpack_featured_media_url":"https:\/\/www.paranapraia.com.br\/wp-content\/uploads\/2019\/04\/moro.jpg","jetpack_sharing_enabled":true,"_links":{"self":[{"href":"https:\/\/www.paranapraia.com.br\/index.php\/wp-json\/wp\/v2\/posts\/4342"}],"collection":[{"href":"https:\/\/www.paranapraia.com.br\/index.php\/wp-json\/wp\/v2\/posts"}],"about":[{"href":"https:\/\/www.paranapraia.com.br\/index.php\/wp-json\/wp\/v2\/types\/post"}],"author":[{"embeddable":true,"href":"https:\/\/www.paranapraia.com.br\/index.php\/wp-json\/wp\/v2\/users\/2"}],"replies":[{"embeddable":true,"href":"https:\/\/www.paranapraia.com.br\/index.php\/wp-json\/wp\/v2\/comments?post=4342"}],"version-history":[{"count":1,"href":"https:\/\/www.paranapraia.com.br\/index.php\/wp-json\/wp\/v2\/posts\/4342\/revisions"}],"predecessor-version":[{"id":4344,"href":"https:\/\/www.paranapraia.com.br\/index.php\/wp-json\/wp\/v2\/posts\/4342\/revisions\/4344"}],"wp:featuredmedia":[{"embeddable":true,"href":"https:\/\/www.paranapraia.com.br\/index.php\/wp-json\/wp\/v2\/media\/4343"}],"wp:attachment":[{"href":"https:\/\/www.paranapraia.com.br\/index.php\/wp-json\/wp\/v2\/media?parent=4342"}],"wp:term":[{"taxonomy":"category","embeddable":true,"href":"https:\/\/www.paranapraia.com.br\/index.php\/wp-json\/wp\/v2\/categories?post=4342"},{"taxonomy":"post_tag","embeddable":true,"href":"https:\/\/www.paranapraia.com.br\/index.php\/wp-json\/wp\/v2\/tags?post=4342"}],"curies":[{"name":"wp","href":"https:\/\/api.w.org\/{rel}","templated":true}]}}