{"id":4338,"date":"2019-04-03T13:58:09","date_gmt":"2019-04-03T16:58:09","guid":{"rendered":"https:\/\/www.paranapraia.com.br\/?p=4338"},"modified":"2019-04-03T13:58:10","modified_gmt":"2019-04-03T16:58:10","slug":"votacao-da-reforma-administrativa-do-governo-e-adiada","status":"publish","type":"post","link":"https:\/\/www.paranapraia.com.br\/index.php\/2019\/04\/03\/votacao-da-reforma-administrativa-do-governo-e-adiada\/","title":{"rendered":"Vota\u00e7\u00e3o da reforma administrativa do Governo \u00e9 adiada"},"content":{"rendered":"\n<p>Na sess\u00e3o especial dedicada ao tema do autismo que realizou na tarde desta ter\u00e7a-feira (2), a Comiss\u00e3o de Constitui\u00e7\u00e3o e Justi\u00e7a (CCJ) da\u00a0<a href=\"javascript:void(0)\">Assembleia Legislativa<\/a>\u00a0do Paran\u00e1 (ALEP) examinou tamb\u00e9m duas proposi\u00e7\u00f5es do\u00a0<a href=\"javascript:void(0)\">Poder Executivo<\/a>. A primeira, o projeto de\u00a0<a href=\"javascript:void(0)\">lei<\/a>\u00a0n\u00ba\u00a0<a rel=\"noreferrer noopener\" href=\"http:\/\/portal.alep.pr.gov.br\/index.php\/pesquisa-legislativa\/proposicao?idProposicao=81826\" target=\"_blank\">57\/2019<\/a>, que disp\u00f5e sobre a organiza\u00e7\u00e3o b\u00e1sica administrativa do Poder Executivo Estadual, recebeu parecer favor\u00e1vel do relator, deputado Hussein Bakri (PSD), mas teve a vota\u00e7\u00e3o adiada para atender pedidos de vista formulados pelos deputados Tadeu Veneri (PT), Ti\u00e3o Medeiros (PTB) e Nelson Justus (DEM). Veneri levantou quest\u00e3o ligada \u00e0 constitucionalidade da proposta, uma vez que ela disp\u00f5e sobre a cria\u00e7\u00e3o de cargos sem descrever suas atribui\u00e7\u00f5es.<\/p>\n\n\n\n<p>Agente pol\u00edtico que tem medo de falar em p\u00fablico? Que gagueja e n\u00e3o tem firmeza, isso n\u00e3o passa confian\u00e7a para ninguem, temos a solu\u00e7\u00e3o pra voc\u00ea. Vem com a gente! <\/p>\n\n\n\n<p>A segunda proposi\u00e7\u00e3o de iniciativa do Poder Executivo analisada pela Comiss\u00e3o foi o projeto de lei n\u00ba&nbsp;<a href=\"http:\/\/portal.alep.pr.gov.br\/index.php\/pesquisa-legislativa\/proposicao?idProposicao=82496\" target=\"_blank\" rel=\"noreferrer noopener\">190\/2019<\/a>, que altera dispositivos das leis n\u00b0&nbsp;<a href=\"http:\/\/portal.alep.pr.gov.br\/index.php\/pesquisa-legislativa\/legislacao-estadual?idLegislacao=51742&amp;tpLei=0&amp;idProposicao=80546\" target=\"_blank\" rel=\"noreferrer noopener\">19.802\/2018<\/a>&nbsp;e n\u00ba&nbsp;<a href=\"http:\/\/portal.alep.pr.gov.br\/index.php\/pesquisa-legislativa\/legislacao-estadual?idLegislacao=50574&amp;tpLei=0&amp;idProposicao=62026\" target=\"_blank\" rel=\"noreferrer noopener\">18.748\/2016<\/a>. No primeiro caso, o texto limita em 5% os honor\u00e1rios advocat\u00edcios devidos em rela\u00e7\u00e3o aos cr\u00e9ditos ajuizados e quitados com os benef\u00edcios da Lei n\u00ba&nbsp;<a href=\"http:\/\/portal.alep.pr.gov.br\/index.php\/pesquisa-legislativa\/legislacao-estadual?idLegislacao=51742&amp;tpLei=0&amp;idProposicao=80546\" target=\"_blank\" rel=\"noreferrer noopener\">19.802\/2018<\/a>, que trata do tratamento diferenciado de pagamento de d\u00edvidas tribut\u00e1rias relacionadas ao ICM e ao ICMS. E no caso da Lei n\u00ba&nbsp;<a href=\"http:\/\/portal.alep.pr.gov.br\/index.php\/pesquisa-legislativa\/legislacao-estadual?idLegislacao=50574&amp;tpLei=0&amp;idProposicao=62026\" target=\"_blank\" rel=\"noreferrer noopener\">18.748\/2016<\/a>, \u00e9 proposta a exclus\u00e3o do trecho final do art. 2\u00ba, em rela\u00e7\u00e3o aos honor\u00e1rios de sucumb\u00eancia das a\u00e7\u00f5es ajuizadas a partir da vig\u00eancia do C\u00f3digo de Processo Civil alterado em 2015, bem como a revoga\u00e7\u00e3o do \u00a73\u00ba do art.2\u00ba, quanto a destina\u00e7\u00e3o das verbas de sucumb\u00eancia das a\u00e7\u00f5es ajuizadas antes da vig\u00eancia do CPC\/2015.<\/p>\n\n\n\n<p>Tamb\u00e9m em rela\u00e7\u00e3o a esta mat\u00e9ria o deputado Tadeu Veneri pediu vistas, apesar dos apelos do relator referentes a exiguidade de prazos para que os interessados se habilitem aos REFIS. Como a mat\u00e9ria tramita em regime de urg\u00eancia, o presidente da CCJ, deputado Delegado Francischini (PSL) convocou sess\u00e3o extraordin\u00e1ria para esta quarta-feira (3), \u00e0s 13h30, no Audit\u00f3rio Legislativo da Casa.<\/p>\n\n\n\n<p>ALEP<\/p>\n","protected":false},"excerpt":{"rendered":"<p>Na sess\u00e3o especial dedicada ao tema do autismo que realizou na tarde desta ter\u00e7a-feira (2), a Comiss\u00e3o de Constitui\u00e7\u00e3o e Justi\u00e7a (CCJ) da\u00a0Assembleia Legislativa\u00a0do Paran\u00e1 (ALEP) examinou tamb\u00e9m duas proposi\u00e7\u00f5es do\u00a0Poder Executivo. A primeira, o projeto de\u00a0lei\u00a0n\u00ba\u00a057\/2019, que disp\u00f5e sobre a organiza\u00e7\u00e3o b\u00e1sica administrativa do Poder Executivo Estadual, recebeu parecer favor\u00e1vel do relator, deputado Hussein [&hellip;]<\/p>\n","protected":false},"author":2,"featured_media":4339,"comment_status":"open","ping_status":"open","sticky":false,"template":"","format":"standard","meta":{"advanced_seo_description":"","jetpack_seo_html_title":"","jetpack_seo_noindex":false,"_jetpack_memberships_contains_paid_content":false,"footnotes":""},"categories":[32],"tags":[],"class_list":{"0":"post-4338","1":"post","2":"type-post","3":"status-publish","4":"format-standard","5":"has-post-thumbnail","7":"category-politica"},"jetpack_featured_media_url":"https:\/\/www.paranapraia.com.br\/wp-content\/uploads\/2019\/04\/vota.jpg","jetpack_sharing_enabled":true,"_links":{"self":[{"href":"https:\/\/www.paranapraia.com.br\/index.php\/wp-json\/wp\/v2\/posts\/4338"}],"collection":[{"href":"https:\/\/www.paranapraia.com.br\/index.php\/wp-json\/wp\/v2\/posts"}],"about":[{"href":"https:\/\/www.paranapraia.com.br\/index.php\/wp-json\/wp\/v2\/types\/post"}],"author":[{"embeddable":true,"href":"https:\/\/www.paranapraia.com.br\/index.php\/wp-json\/wp\/v2\/users\/2"}],"replies":[{"embeddable":true,"href":"https:\/\/www.paranapraia.com.br\/index.php\/wp-json\/wp\/v2\/comments?post=4338"}],"version-history":[{"count":1,"href":"https:\/\/www.paranapraia.com.br\/index.php\/wp-json\/wp\/v2\/posts\/4338\/revisions"}],"predecessor-version":[{"id":4340,"href":"https:\/\/www.paranapraia.com.br\/index.php\/wp-json\/wp\/v2\/posts\/4338\/revisions\/4340"}],"wp:featuredmedia":[{"embeddable":true,"href":"https:\/\/www.paranapraia.com.br\/index.php\/wp-json\/wp\/v2\/media\/4339"}],"wp:attachment":[{"href":"https:\/\/www.paranapraia.com.br\/index.php\/wp-json\/wp\/v2\/media?parent=4338"}],"wp:term":[{"taxonomy":"category","embeddable":true,"href":"https:\/\/www.paranapraia.com.br\/index.php\/wp-json\/wp\/v2\/categories?post=4338"},{"taxonomy":"post_tag","embeddable":true,"href":"https:\/\/www.paranapraia.com.br\/index.php\/wp-json\/wp\/v2\/tags?post=4338"}],"curies":[{"name":"wp","href":"https:\/\/api.w.org\/{rel}","templated":true}]}}