{"id":4334,"date":"2019-04-03T13:55:59","date_gmt":"2019-04-03T16:55:59","guid":{"rendered":"https:\/\/www.paranapraia.com.br\/?p=4334"},"modified":"2019-04-03T13:56:00","modified_gmt":"2019-04-03T16:56:00","slug":"traiano-afirma-apoio-de-deputados-a-marcha-dos-municipios-a-brasilia","status":"publish","type":"post","link":"https:\/\/www.paranapraia.com.br\/index.php\/2019\/04\/03\/traiano-afirma-apoio-de-deputados-a-marcha-dos-municipios-a-brasilia\/","title":{"rendered":"Traiano afirma apoio de deputados \u00e0 marcha dos munic\u00edpios a Bras\u00edlia"},"content":{"rendered":"\n<p>Prefeitos de todo o Estado se reuniram nesta ter\u00e7a-feira (2) \u00e0 tarde no pequeno plen\u00e1rio da\u00a0<a href=\"javascript:void(0)\">Assembleia Legislativa<\/a>do Paran\u00e1 (ALEP) para discutir a 22\u00aa Marcha a Bras\u00edlia em Defesa dos Munic\u00edpios, que ser\u00e1 realizada entre os dias 8 e 11 de abril. O evento \u00e9 organizado pela\u00a0Confedera\u00e7\u00e3o Nacional dos Munic\u00edpios (CMN) e no estado a mobiliza\u00e7\u00e3o est\u00e1 sendo articulada pela Associa\u00e7\u00e3o dos Munic\u00edpios do Paran\u00e1 (AMP).\u00a0<\/p>\n\n\n\n<p>Agente pol\u00edtico que tem medo de falar em p\u00fablico? Que gagueja e n\u00e3o tem firmeza, isso n\u00e3o passa confian\u00e7a para ninguem, temos a solu\u00e7\u00e3o pra voc\u00ea. Vem com a gente! <\/p>\n\n\n\n<p>Ao abrir a reuni\u00e3o, o presidente da Assembleia, deputado Ademar Traiano (PSDB), anunciou o apoio dos deputados \u00e0 marcha dos prefeitos. \u201cOs munic\u00edpios assumiram novas atribui\u00e7\u00f5es e novas responsabilidades, mas n\u00e3o t\u00eam recebido a contrapartida financeira para arcar com esse \u00f4nus\u201d, afirmou Traiano, referindo-se ao fato de que as prefeituras est\u00e3o gastando mais com educa\u00e7\u00e3o, sa\u00fade, seguran\u00e7a e infraestrutura urbana, mas n\u00e3o tiveram eleva\u00e7\u00e3o compat\u00edvel de seus or\u00e7amentos.&nbsp;<br>\u201cEstamos assumindo obriga\u00e7\u00f5es que \u00e0s vezes nem s\u00e3o dos munic\u00edpios\u201d, afirmou o deputado Marcel Micheletto (PR), que j\u00e1 presidiu a AMP e tamb\u00e9m j\u00e1 foi prefeito. \u201cPor isso a Assembleia se soma \u00e0 luta de todos os prefeitos paranaenses\u201d, ressaltou Ademar Traiano.&nbsp;<br>O presidente da AMP, Frank Ariel Schiavini, prefeito de Coronel Vivida, disse que a marcha deste ano \u201cser\u00e1 a maior da hist\u00f3ria\u201d, o que, segundo ele, reflete o momento delicado do Pa\u00eds e as dificuldades enfrentadas pelos munic\u00edpios. \u201cTemos que debater uma reformula\u00e7\u00e3o do pacto federativo. Mas \u00e9 importante que tenhamos em vista exatamente quais s\u00e3o as nossas prioridades, qual a pauta que vamos levar a Bras\u00edlia\u201d, acrescentou Schiavini.&nbsp;<\/p>\n\n\n\n<p><strong>Agenda<\/strong>&nbsp;\u2013 Entre os temas que os prefeitos querem debater com autoridades em Bras\u00edlia est\u00e3o o programa Mais M\u00e9dicos (alguns munic\u00edpios permanecem sem m\u00e9dicos), o novo Fundeb (Fundo de Desenvolvimento da Educa\u00e7\u00e3o B\u00e1sica), novas regras de licita\u00e7\u00f5es (previstas no projeto de&nbsp;<a href=\"javascript:void(0)\">lei<\/a>&nbsp;6814\/17), reforma tribut\u00e1ria, normas de cons\u00f3rcios (<a href=\"javascript:void(0)\">projetos<\/a>&nbsp;de lei 2542\/15 e 2543\/15) e teto de gastos p\u00fablicos, al\u00e9m de quest\u00f5es emergenciais, como o Fundo de Participa\u00e7\u00e3o dos Munic\u00edpios (FPM), regulamenta\u00e7\u00e3o da Lei Kandir e atualiza\u00e7\u00e3o de programas federais.<br>Por tr\u00eas dias, os prefeitos cumprir\u00e3o uma intensa agenda de compromissos com representantes do Governo federal, Congresso Nacional, Supremo Tribunal Federal e&nbsp;<a href=\"javascript:void(0)\">Tribunal de Contas<\/a>&nbsp;da Uni\u00e3o. Os prefeitos dever\u00e3o ser recebidos pelos presidentes da C\u00e2mara dos Deputados e do Senado, v\u00e1rios ministros \u2013 entre os quais o titular da Economia, Paulo Guedes \u2013 e os l\u00edderes do Governo federal no Congresso.&nbsp;O presidente Jair Bolsonaro deve participar da abertura do evento \u2013 ano passado ele prestigiou a Marcha dos Munic\u00edpios e se comprometeu com as reivindica\u00e7\u00f5es dos prefeitos.&nbsp;<\/p>\n\n\n\n<p>Al\u00e9m de dezenas de prefeitos \u2013 incluindo os presidentes de v\u00e1rias associa\u00e7\u00f5es microrregionais \u2013, o encontro na Assembleia Legislativa tamb\u00e9m teve a participa\u00e7\u00e3o de um representante da Confedera\u00e7\u00e3o Nacional dos Munic\u00edpios e dos deputados Luiz Fernando Guerra (PSL), Emerson Bacil (PSL), Arilson Chiorato (PT) e Anibelli Neto (MDB), assim como de t\u00e9cnicos da AMP que fizeram esclarecimentos sobre quest\u00f5es pontuais que hoje afetam a\u00a0<a href=\"javascript:void(0)\">maioria<\/a>\u00a0das prefeituras paranaenses. A AMP espera a participa\u00e7\u00e3o de ao menos 180 prefeitos paranaenses na marcha a Bras\u00edlia.\u00a0<\/p>\n\n\n\n<p>ALEP<\/p>\n","protected":false},"excerpt":{"rendered":"<p>Prefeitos de todo o Estado se reuniram nesta ter\u00e7a-feira (2) \u00e0 tarde no pequeno plen\u00e1rio da\u00a0Assembleia Legislativado Paran\u00e1 (ALEP) para discutir a 22\u00aa Marcha a Bras\u00edlia em Defesa dos Munic\u00edpios, que ser\u00e1 realizada entre os dias 8 e 11 de abril. O evento \u00e9 organizado pela\u00a0Confedera\u00e7\u00e3o Nacional dos Munic\u00edpios (CMN) e no estado a mobiliza\u00e7\u00e3o [&hellip;]<\/p>\n","protected":false},"author":2,"featured_media":4335,"comment_status":"open","ping_status":"open","sticky":false,"template":"","format":"standard","meta":{"advanced_seo_description":"","jetpack_seo_html_title":"","jetpack_seo_noindex":false,"_jetpack_memberships_contains_paid_content":false,"footnotes":""},"categories":[32],"tags":[],"class_list":{"0":"post-4334","1":"post","2":"type-post","3":"status-publish","4":"format-standard","5":"has-post-thumbnail","7":"category-politica"},"jetpack_featured_media_url":"https:\/\/www.paranapraia.com.br\/wp-content\/uploads\/2019\/04\/traia.jpg","jetpack_sharing_enabled":true,"_links":{"self":[{"href":"https:\/\/www.paranapraia.com.br\/index.php\/wp-json\/wp\/v2\/posts\/4334"}],"collection":[{"href":"https:\/\/www.paranapraia.com.br\/index.php\/wp-json\/wp\/v2\/posts"}],"about":[{"href":"https:\/\/www.paranapraia.com.br\/index.php\/wp-json\/wp\/v2\/types\/post"}],"author":[{"embeddable":true,"href":"https:\/\/www.paranapraia.com.br\/index.php\/wp-json\/wp\/v2\/users\/2"}],"replies":[{"embeddable":true,"href":"https:\/\/www.paranapraia.com.br\/index.php\/wp-json\/wp\/v2\/comments?post=4334"}],"version-history":[{"count":1,"href":"https:\/\/www.paranapraia.com.br\/index.php\/wp-json\/wp\/v2\/posts\/4334\/revisions"}],"predecessor-version":[{"id":4336,"href":"https:\/\/www.paranapraia.com.br\/index.php\/wp-json\/wp\/v2\/posts\/4334\/revisions\/4336"}],"wp:featuredmedia":[{"embeddable":true,"href":"https:\/\/www.paranapraia.com.br\/index.php\/wp-json\/wp\/v2\/media\/4335"}],"wp:attachment":[{"href":"https:\/\/www.paranapraia.com.br\/index.php\/wp-json\/wp\/v2\/media?parent=4334"}],"wp:term":[{"taxonomy":"category","embeddable":true,"href":"https:\/\/www.paranapraia.com.br\/index.php\/wp-json\/wp\/v2\/categories?post=4334"},{"taxonomy":"post_tag","embeddable":true,"href":"https:\/\/www.paranapraia.com.br\/index.php\/wp-json\/wp\/v2\/tags?post=4334"}],"curies":[{"name":"wp","href":"https:\/\/api.w.org\/{rel}","templated":true}]}}