{"id":4330,"date":"2019-04-03T13:50:10","date_gmt":"2019-04-03T16:50:10","guid":{"rendered":"https:\/\/www.paranapraia.com.br\/?p=4330"},"modified":"2019-04-03T13:50:13","modified_gmt":"2019-04-03T16:50:13","slug":"apos-brumadinho-seis-empresas-se-recusam-a-auditar-barragens-da-vale","status":"publish","type":"post","link":"https:\/\/www.paranapraia.com.br\/index.php\/2019\/04\/03\/apos-brumadinho-seis-empresas-se-recusam-a-auditar-barragens-da-vale\/","title":{"rendered":"Ap\u00f3s Brumadinho, seis empresas se recusam a auditar barragens da Vale"},"content":{"rendered":"\n<p>Pelo menos seis empresas recusaram convites da\u00a0<strong><a rel=\"noreferrer noopener\" href=\"https:\/\/tudo-sobre.estadao.com.br\/vale-empresa-mineracao\" target=\"_blank\">Vale<\/a><\/strong>\u00a0para auditar as oito barragens em estado de alerta em\u00a0<strong><a rel=\"noreferrer noopener\" href=\"https:\/\/tudo-sobre.estadao.com.br\/minas-gerais-estado\" target=\"_blank\">Minas<\/a><\/strong>. A situa\u00e7\u00e3o revela a dificuldade da empresa para encaminhar \u00e0\u00a0<strong><a rel=\"noreferrer noopener\" href=\"https:\/\/tudo-sobre.estadao.com.br\/anm-agencia-nacional-de-mineracao\" target=\"_blank\">Ag\u00eancia Nacional de Minera\u00e7\u00e3o<\/a><\/strong>\u00a0(ANM) e \u00e0 Secretaria de Meio Ambiente do Estado os projetos de descaracteriza\u00e7\u00e3o dessas estruturas. Esses planos detalhariam como ocorrer\u00e1 o processamento dos rejeitos e a destina\u00e7\u00e3o para outros fins das \u00e1reas que ocupam. O risco mant\u00e9m fora de casa 943 pessoas em cinco munic\u00edpios.<\/p>\n\n\n\n<p>A informa\u00e7\u00e3o consta de documento em que o Minist\u00e9rio P\u00fablico de Minas (MP-MG) pede \u00e0 Justi\u00e7a que determine \u00e0 mineradora que apresente plano de a\u00e7\u00e3o \u00e0 ANM e \u00e0 secretaria. A Vale quer mais prazo e isen\u00e7\u00e3o das multas. A maior parte das companhias citadas no documento n\u00e3o opera no Brasil. O\u00a0<strong>Estado<\/strong>\u00a0tentou contato com todas. Nem mesmo a WorleyParsons, \u00fanica que ainda manteria conversas com a Vale, confirmou a contrata\u00e7\u00e3o.<\/p>\n\n\n\n<p>Saiba mais sobre esse importante curso que acontecer\u00e1 este m\u00eas, ser\u00e1 incr\u00edvel esperamos voc\u00ea l\u00e1: <\/p>\n\n\n\n<p>Slide 1 de 10: Equipes de resgate volunt\u00e1rias tentaram salvar a vaca que esta atolada na lama de rejeitos de ferro. O animal teve que ser sacrificado.<\/p>\n\n\n\n<p>Procurada, a mineradora tamb\u00e9m n\u00e3o confirmou nem a contrata\u00e7\u00e3o nem a apresenta\u00e7\u00e3o dos planos. A empresa tamb\u00e9m n\u00e3o apresentou, at\u00e9 agora, nenhum relat\u00f3rio dos tr\u00eas comit\u00eas de assessoramento t\u00e9cnico criados ap\u00f3s a trag\u00e9dia de&nbsp;<strong><a href=\"https:\/\/tudo-sobre.estadao.com.br\/brumadinho-mg\" target=\"_blank\" rel=\"noreferrer noopener\">Brumadinho<\/a><\/strong>. Seu custo \u00e9 estimado no or\u00e7amento de 2019 em R$ 15 milh\u00f5es. A mineradora informou que entregou \u201cpedido de descaracteriza\u00e7\u00e3o\u201d das barragens \u00e0 ANM e Semad em 22 de mar\u00e7o. Mas n\u00e3o esclareceu se apresentou os planos.<\/p>\n\n\n\n<h3 class=\"wp-block-heading\">Projetos<\/h3>\n\n\n\n<p>Cada plano (um por barragem) deve conter o detalhamento t\u00e9cnico do projeto, investimentos e medidas de repara\u00e7\u00e3o para os atingidos. Os detalhes permitir\u00e3o saber se os R$ 5 bilh\u00f5es previstos para a descaracteriza\u00e7\u00e3o cobrir\u00e3o os custos. Al\u00e9m dos riscos para fornecedoras, arrolados nas investiga\u00e7\u00f5es criminais da trag\u00e9dia de Brumadinho, que deixou mais de 300 mortos e desaparecidos, h\u00e1 uma forte press\u00e3o para que a empresa fa\u00e7a a descaracteriza\u00e7\u00e3o com aproveitamento econ\u00f4mico dos dep\u00f3sitos. Esse rejeitos ainda cont\u00eam min\u00e9rio aproveit\u00e1vel.<\/p>\n\n\n\n<p>\u201cA Vale j\u00e1 tinha anunciado a descaracteriza\u00e7\u00e3o antes de Fund\u00e3o (barragem que se rompeu em Mariana em 2015). Em 2013, j\u00e1 se observava movimento de retirada para o Par\u00e1, mas o que vai determinar \u00e9 o fator econ\u00f4mico\u201d, afirma Thiago Alves, integrante da coordena\u00e7\u00e3o estadual do Movimento dos Atingidos por Barragens (MAB).<\/p>\n\n\n\n<p>Para o setor de minera\u00e7\u00e3o, o aproveitamento econ\u00f4mico representa uma sobrevida para a atividade mineral nos munic\u00edpios e para muitos fornecedores. Do ponto de vista do Estado \u00e9 mais interessante, mas tende a custar mais caro para a empresa e demorar mais. \u201cPrecisamos analisar as exig\u00eancias de engenharia, meio ambiente e sociais para chegarmos a uma solu\u00e7\u00e3o fact\u00edvel. N\u00e3o podemos paralisar as barragens e o Estado de Minas\u201d, disse o presidente da Academia Nacional de Engenharia, Francis Bogossian.<\/p>\n\n\n\n<p>As dez barragens nessa situa\u00e7\u00e3o de incerteza s\u00e3o: Laranjeiras, Menezes II, Capit\u00e3o do Mato, Dique B, Taquaras, Forquilha I, II e II, Barragem I e Barragem IV. As duas \u00faltimas est\u00e3o no centro da trag\u00e9dia de Brumadinho. As outras oito s\u00e3o estruturas semelhantes \u00e0s de Brumadinho e Fund\u00e3o.<\/p>\n\n\n\n<p>Todas essas estruturas j\u00e1 tiveram as zonas de autossalvamento esvaziadas, justamente porque a empresa n\u00e3o consegue renovar os laudos de avalia\u00e7\u00e3o. Todas constam da lista de estruturas que apresentavam fatores de seguran\u00e7a abaixo dos limites estabelecidos. A informa\u00e7\u00e3o est\u00e1 em documentos da pr\u00f3pria Vale anexados \u00e0 a\u00e7\u00e3o civil p\u00fablica movida pela for\u00e7a-tarefa formada para apurar as causas do rompimento em Brumadinho.<\/p>\n\n\n\n<p>MSN<\/p>\n\n\n\n<p><br><\/p>\n\n\n\n<p><br><\/p>\n","protected":false},"excerpt":{"rendered":"<p>Pelo menos seis empresas recusaram convites da\u00a0Vale\u00a0para auditar as oito barragens em estado de alerta em\u00a0Minas. A situa\u00e7\u00e3o revela a dificuldade da empresa para encaminhar \u00e0\u00a0Ag\u00eancia Nacional de Minera\u00e7\u00e3o\u00a0(ANM) e \u00e0 Secretaria de Meio Ambiente do Estado os projetos de descaracteriza\u00e7\u00e3o dessas estruturas. Esses planos detalhariam como ocorrer\u00e1 o processamento dos rejeitos e a destina\u00e7\u00e3o [&hellip;]<\/p>\n","protected":false},"author":2,"featured_media":4331,"comment_status":"open","ping_status":"open","sticky":false,"template":"","format":"standard","meta":{"advanced_seo_description":"","jetpack_seo_html_title":"","jetpack_seo_noindex":false,"_jetpack_memberships_contains_paid_content":false,"footnotes":""},"categories":[52],"tags":[],"class_list":{"0":"post-4330","1":"post","2":"type-post","3":"status-publish","4":"format-standard","5":"has-post-thumbnail","7":"category-acidentes"},"jetpack_featured_media_url":"https:\/\/www.paranapraia.com.br\/wp-content\/uploads\/2019\/04\/barra.jpg","jetpack_sharing_enabled":true,"_links":{"self":[{"href":"https:\/\/www.paranapraia.com.br\/index.php\/wp-json\/wp\/v2\/posts\/4330"}],"collection":[{"href":"https:\/\/www.paranapraia.com.br\/index.php\/wp-json\/wp\/v2\/posts"}],"about":[{"href":"https:\/\/www.paranapraia.com.br\/index.php\/wp-json\/wp\/v2\/types\/post"}],"author":[{"embeddable":true,"href":"https:\/\/www.paranapraia.com.br\/index.php\/wp-json\/wp\/v2\/users\/2"}],"replies":[{"embeddable":true,"href":"https:\/\/www.paranapraia.com.br\/index.php\/wp-json\/wp\/v2\/comments?post=4330"}],"version-history":[{"count":1,"href":"https:\/\/www.paranapraia.com.br\/index.php\/wp-json\/wp\/v2\/posts\/4330\/revisions"}],"predecessor-version":[{"id":4332,"href":"https:\/\/www.paranapraia.com.br\/index.php\/wp-json\/wp\/v2\/posts\/4330\/revisions\/4332"}],"wp:featuredmedia":[{"embeddable":true,"href":"https:\/\/www.paranapraia.com.br\/index.php\/wp-json\/wp\/v2\/media\/4331"}],"wp:attachment":[{"href":"https:\/\/www.paranapraia.com.br\/index.php\/wp-json\/wp\/v2\/media?parent=4330"}],"wp:term":[{"taxonomy":"category","embeddable":true,"href":"https:\/\/www.paranapraia.com.br\/index.php\/wp-json\/wp\/v2\/categories?post=4330"},{"taxonomy":"post_tag","embeddable":true,"href":"https:\/\/www.paranapraia.com.br\/index.php\/wp-json\/wp\/v2\/tags?post=4330"}],"curies":[{"name":"wp","href":"https:\/\/api.w.org\/{rel}","templated":true}]}}