{"id":43294,"date":"2023-01-25T11:14:41","date_gmt":"2023-01-25T14:14:41","guid":{"rendered":"https:\/\/www.paranapraia.com.br\/?p=43294"},"modified":"2023-01-25T11:14:42","modified_gmt":"2023-01-25T14:14:42","slug":"matinhos-recebe-a-abertura-do-circuito-paranaense-de-surf-amador-2023","status":"publish","type":"post","link":"https:\/\/www.paranapraia.com.br\/index.php\/2023\/01\/25\/matinhos-recebe-a-abertura-do-circuito-paranaense-de-surf-amador-2023\/","title":{"rendered":"Matinhos recebe a abertura do Circuito Paranaense de Surf Amador 2023"},"content":{"rendered":"\n<p>A primeira etapa do Circuito Paranaense de Surf Amador 2023 acontece em nossa cidade. A competi\u00e7\u00e3o \u00e9 apresentada pela BackWash e Hurley e vai ser nos dias 4 e 5 de fevereiro (s\u00e1bado e domingo). O evento faz parte dos Jogos de Aventura e Natureza, do Governo do Estado, e integra a programa\u00e7\u00e3o do Ver\u00e3o Maior Paran\u00e1.<\/p>\n\n\n\n<p>\u201cFoi uma etapa que conseguimos fechar em tempo recorde e, gra\u00e7as ao Governo do Paran\u00e1, os atletas ter\u00e3o alimenta\u00e7\u00e3o e estadia gratuita. A BackWash e a Hurley se uniram \u00e0 organiza\u00e7\u00e3o para disponibilizar trof\u00e9us e kits para os campe\u00f5es\u201d, disse o presidente da Federa\u00e7\u00e3o Renato Trogue.<\/p>\n\n\n\n<p>As categorias em disputa s\u00e3o: Sub12, Sub14, Sub14 feminino, Sub16, Sub16 feminino, Sub18, Universit\u00e1rio, Curitiba, Master, Grand Master, Open e Open feminino. O campeonato ser\u00e1 realizado pela FPS, Federa\u00e7\u00e3o Paranaense de Surf; OCEAM, Organiza\u00e7\u00e3o Centralizadora dos Esportes Aqu\u00e1ticos de Matinhos; e Prefeitura de Matinhos.<\/p>\n\n\n\n<p>As inscri\u00e7\u00f5es podem ser feitas pelo whatsapp no n\u00famero (41) 99829-5160 com Renato Trogue.<\/p>\n\n\n\n<p>Com informa\u00e7\u00f5es de J\u00e9ssica Dombrowski Netto<\/p>\n\n\n\n<p>Departamento de Comunica\u00e7\u00e3o<br>Prefeitura de Matinhos<\/p>\n","protected":false},"excerpt":{"rendered":"<p>A primeira etapa do Circuito Paranaense de Surf Amador 2023 acontece em nossa cidade. A competi\u00e7\u00e3o \u00e9 apresentada pela BackWash e Hurley e vai ser nos dias 4 e 5 de fevereiro (s\u00e1bado e domingo). O evento faz parte dos Jogos de Aventura e Natureza, do Governo do Estado, e integra a programa\u00e7\u00e3o do Ver\u00e3o [&hellip;]<\/p>\n","protected":false},"author":2,"featured_media":43295,"comment_status":"open","ping_status":"open","sticky":false,"template":"","format":"standard","meta":{"advanced_seo_description":"","jetpack_seo_html_title":"","jetpack_seo_noindex":false,"_jetpack_memberships_contains_paid_content":false,"footnotes":""},"categories":[40],"tags":[],"class_list":{"0":"post-43294","1":"post","2":"type-post","3":"status-publish","4":"format-standard","5":"has-post-thumbnail","7":"category-destaques"},"jetpack_featured_media_url":"https:\/\/www.paranapraia.com.br\/wp-content\/uploads\/2023\/01\/WhatsApp_Image_2023-01-24_at_17_47_02_jpeg.jpg","jetpack_sharing_enabled":true,"_links":{"self":[{"href":"https:\/\/www.paranapraia.com.br\/index.php\/wp-json\/wp\/v2\/posts\/43294"}],"collection":[{"href":"https:\/\/www.paranapraia.com.br\/index.php\/wp-json\/wp\/v2\/posts"}],"about":[{"href":"https:\/\/www.paranapraia.com.br\/index.php\/wp-json\/wp\/v2\/types\/post"}],"author":[{"embeddable":true,"href":"https:\/\/www.paranapraia.com.br\/index.php\/wp-json\/wp\/v2\/users\/2"}],"replies":[{"embeddable":true,"href":"https:\/\/www.paranapraia.com.br\/index.php\/wp-json\/wp\/v2\/comments?post=43294"}],"version-history":[{"count":1,"href":"https:\/\/www.paranapraia.com.br\/index.php\/wp-json\/wp\/v2\/posts\/43294\/revisions"}],"predecessor-version":[{"id":43296,"href":"https:\/\/www.paranapraia.com.br\/index.php\/wp-json\/wp\/v2\/posts\/43294\/revisions\/43296"}],"wp:featuredmedia":[{"embeddable":true,"href":"https:\/\/www.paranapraia.com.br\/index.php\/wp-json\/wp\/v2\/media\/43295"}],"wp:attachment":[{"href":"https:\/\/www.paranapraia.com.br\/index.php\/wp-json\/wp\/v2\/media?parent=43294"}],"wp:term":[{"taxonomy":"category","embeddable":true,"href":"https:\/\/www.paranapraia.com.br\/index.php\/wp-json\/wp\/v2\/categories?post=43294"},{"taxonomy":"post_tag","embeddable":true,"href":"https:\/\/www.paranapraia.com.br\/index.php\/wp-json\/wp\/v2\/tags?post=43294"}],"curies":[{"name":"wp","href":"https:\/\/api.w.org\/{rel}","templated":true}]}}