{"id":43285,"date":"2023-01-25T10:57:44","date_gmt":"2023-01-25T13:57:44","guid":{"rendered":"https:\/\/www.paranapraia.com.br\/?p=43285"},"modified":"2023-01-25T10:57:45","modified_gmt":"2023-01-25T13:57:45","slug":"prefeito-e-atualizado-sobre-as-acoes-do-corpo-de-bombeiros-de-matinhos-nesta-temporada","status":"publish","type":"post","link":"https:\/\/www.paranapraia.com.br\/index.php\/2023\/01\/25\/prefeito-e-atualizado-sobre-as-acoes-do-corpo-de-bombeiros-de-matinhos-nesta-temporada\/","title":{"rendered":"Prefeito \u00e9 atualizado sobre as a\u00e7\u00f5es do Corpo de Bombeiros de Matinhos nesta temporada"},"content":{"rendered":"\n<p>O prefeito Z\u00e9 da Ecler recebeu nesta ter\u00e7a-feira (24) o comandante do Corpo de Bombeiros de Matinhos, Capit\u00e3o Thyago Giamberardino. No encontro, Capit\u00e3o Thyago atualizou o prefeito sobre o balan\u00e7o das a\u00e7\u00f5es dos bombeiros nesta temporada. Tamb\u00e9m foram alinhados pontos sobre a intera\u00e7\u00e3o entre a corpora\u00e7\u00e3o e a Prefeitura.<\/p>\n\n\n\n<p>O Corpo de Bombeiros tem 30 postos de Guarda-vidas espalhados por Matinhos. Desde o in\u00edcio da Opera\u00e7\u00e3o Ver\u00e3o, mais 350 salvamentos foram feitos. Ainda de acordo com os n\u00fameros repassados pelo Capit\u00e3o, foram registradas duas v\u00edtimas fatais. Esses casos aconteceram fora da \u00e1rea protegida pelos bombeiros.<\/p>\n\n\n\n<p>Ainda na reuni\u00e3o desta ter\u00e7a, Capit\u00e3o Thyago solicitou a coopera\u00e7\u00e3o da gest\u00e3o no compartilhamento de imagens das c\u00e2meras de seguran\u00e7a usadas no sistema de monitoramento. A corpora\u00e7\u00e3o quer usar as imagens das c\u00e2meras apontadas para a orla. O objetivo \u00e9 identificar pontos de ocorr\u00eancias de afogamentos nas \u00e1guas e tumultos na areia.<\/p>\n\n\n\n<p>O comandante ainda agradeceu pela rapidez dos processos dos bombeiros que v\u00eam sendo tramitados na Prefeitura. Ainda tratou quest\u00f5es referentes ao repasse ao FUNREBOM &#8211; Fundo de Reaparelhamento do Corpo de Bombeiros Militares.<\/p>\n\n\n\n<p>O prefeito se comprometeu em ajudar com o que for necess\u00e1rio para que o Corpo de Bombeiros tenha acesso \u00e0s imagens. Segundo ele, a parceria entre a gest\u00e3o e as for\u00e7as de seguran\u00e7a (bombeiros e pol\u00edcia) \u00e9 essencial para a cidade, principalmente no per\u00edodo de temporada.<\/p>\n\n\n\n<p>Ainda participaram da reuni\u00e3o o chefe de Gabinete, Carlos Valderi; o assessor jur\u00eddico do Gabinete, Leonardo Lu\u00eds da Silva; e o Soldado Francisco, do Corpo de Bombeiros.<\/p>\n\n\n\n<p>Departamento de Comunica\u00e7\u00e3o<\/p>\n\n\n\n<p>Prefeitura de Matinhos<\/p>\n","protected":false},"excerpt":{"rendered":"<p>O prefeito Z\u00e9 da Ecler recebeu nesta ter\u00e7a-feira (24) o comandante do Corpo de Bombeiros de Matinhos, Capit\u00e3o Thyago Giamberardino. No encontro, Capit\u00e3o Thyago atualizou o prefeito sobre o balan\u00e7o das a\u00e7\u00f5es dos bombeiros nesta temporada. Tamb\u00e9m foram alinhados pontos sobre a intera\u00e7\u00e3o entre a corpora\u00e7\u00e3o e a Prefeitura. O Corpo de Bombeiros tem 30 [&hellip;]<\/p>\n","protected":false},"author":2,"featured_media":43286,"comment_status":"open","ping_status":"open","sticky":false,"template":"","format":"standard","meta":{"advanced_seo_description":"","jetpack_seo_html_title":"","jetpack_seo_noindex":false,"_jetpack_memberships_contains_paid_content":false,"footnotes":""},"categories":[40],"tags":[],"class_list":{"0":"post-43285","1":"post","2":"type-post","3":"status-publish","4":"format-standard","5":"has-post-thumbnail","7":"category-destaques"},"jetpack_featured_media_url":"https:\/\/www.paranapraia.com.br\/wp-content\/uploads\/2023\/01\/capa-scaled.jpg","jetpack_sharing_enabled":true,"_links":{"self":[{"href":"https:\/\/www.paranapraia.com.br\/index.php\/wp-json\/wp\/v2\/posts\/43285"}],"collection":[{"href":"https:\/\/www.paranapraia.com.br\/index.php\/wp-json\/wp\/v2\/posts"}],"about":[{"href":"https:\/\/www.paranapraia.com.br\/index.php\/wp-json\/wp\/v2\/types\/post"}],"author":[{"embeddable":true,"href":"https:\/\/www.paranapraia.com.br\/index.php\/wp-json\/wp\/v2\/users\/2"}],"replies":[{"embeddable":true,"href":"https:\/\/www.paranapraia.com.br\/index.php\/wp-json\/wp\/v2\/comments?post=43285"}],"version-history":[{"count":1,"href":"https:\/\/www.paranapraia.com.br\/index.php\/wp-json\/wp\/v2\/posts\/43285\/revisions"}],"predecessor-version":[{"id":43287,"href":"https:\/\/www.paranapraia.com.br\/index.php\/wp-json\/wp\/v2\/posts\/43285\/revisions\/43287"}],"wp:featuredmedia":[{"embeddable":true,"href":"https:\/\/www.paranapraia.com.br\/index.php\/wp-json\/wp\/v2\/media\/43286"}],"wp:attachment":[{"href":"https:\/\/www.paranapraia.com.br\/index.php\/wp-json\/wp\/v2\/media?parent=43285"}],"wp:term":[{"taxonomy":"category","embeddable":true,"href":"https:\/\/www.paranapraia.com.br\/index.php\/wp-json\/wp\/v2\/categories?post=43285"},{"taxonomy":"post_tag","embeddable":true,"href":"https:\/\/www.paranapraia.com.br\/index.php\/wp-json\/wp\/v2\/tags?post=43285"}],"curies":[{"name":"wp","href":"https:\/\/api.w.org\/{rel}","templated":true}]}}