{"id":43282,"date":"2023-01-25T10:51:25","date_gmt":"2023-01-25T13:51:25","guid":{"rendered":"https:\/\/www.paranapraia.com.br\/?p=43282"},"modified":"2023-01-25T10:51:25","modified_gmt":"2023-01-25T13:51:25","slug":"matinhos-recicla-confira-os-dias-da-coleta-de-reciclaveis-na-sua-regiao","status":"publish","type":"post","link":"https:\/\/www.paranapraia.com.br\/index.php\/2023\/01\/25\/matinhos-recicla-confira-os-dias-da-coleta-de-reciclaveis-na-sua-regiao\/","title":{"rendered":"Matinhos Recicla! Confira os dias da coleta de recicl\u00e1veis na sua regi\u00e3o"},"content":{"rendered":"\n<p>Fa\u00e7a a sua parte e separe o lixo recicl\u00e1vel do org\u00e2nico. Al\u00e9m de contribuir com um servi\u00e7o mais eficiente, resultando em uma cidade mais limpa, voc\u00ea ajuda na economia de recursos naturais e na gera\u00e7\u00e3o de emprego e renda.<\/p>\n\n\n\n<p>De segunda \u00e0 sexta-feira, o caminh\u00e3o circula pelos bairros do munic\u00edpio, recolhendo o que pode ser reaproveitado. Para informa\u00e7\u00f5es e den\u00fancias, ligue ou mande mensagem de whatsapp para o n\u00famero (41) 99654-5687.<\/p>\n\n\n\n<p>Departamento de Comunica\u00e7\u00e3o<\/p>\n\n\n\n<p>Prefeitura de Matinhos<\/p>\n","protected":false},"excerpt":{"rendered":"<p>Fa\u00e7a a sua parte e separe o lixo recicl\u00e1vel do org\u00e2nico. Al\u00e9m de contribuir com um servi\u00e7o mais eficiente, resultando em uma cidade mais limpa, voc\u00ea ajuda na economia de recursos naturais e na gera\u00e7\u00e3o de emprego e renda. De segunda \u00e0 sexta-feira, o caminh\u00e3o circula pelos bairros do munic\u00edpio, recolhendo o que pode ser [&hellip;]<\/p>\n","protected":false},"author":2,"featured_media":43283,"comment_status":"open","ping_status":"open","sticky":false,"template":"","format":"standard","meta":{"advanced_seo_description":"","jetpack_seo_html_title":"","jetpack_seo_noindex":false,"_jetpack_memberships_contains_paid_content":false,"footnotes":""},"categories":[91],"tags":[],"class_list":{"0":"post-43282","1":"post","2":"type-post","3":"status-publish","4":"format-standard","5":"has-post-thumbnail","7":"category-litoral"},"jetpack_featured_media_url":"https:\/\/www.paranapraia.com.br\/wp-content\/uploads\/2023\/01\/AF-Tabela-Reciclaveis.jpg","jetpack_sharing_enabled":true,"_links":{"self":[{"href":"https:\/\/www.paranapraia.com.br\/index.php\/wp-json\/wp\/v2\/posts\/43282"}],"collection":[{"href":"https:\/\/www.paranapraia.com.br\/index.php\/wp-json\/wp\/v2\/posts"}],"about":[{"href":"https:\/\/www.paranapraia.com.br\/index.php\/wp-json\/wp\/v2\/types\/post"}],"author":[{"embeddable":true,"href":"https:\/\/www.paranapraia.com.br\/index.php\/wp-json\/wp\/v2\/users\/2"}],"replies":[{"embeddable":true,"href":"https:\/\/www.paranapraia.com.br\/index.php\/wp-json\/wp\/v2\/comments?post=43282"}],"version-history":[{"count":1,"href":"https:\/\/www.paranapraia.com.br\/index.php\/wp-json\/wp\/v2\/posts\/43282\/revisions"}],"predecessor-version":[{"id":43284,"href":"https:\/\/www.paranapraia.com.br\/index.php\/wp-json\/wp\/v2\/posts\/43282\/revisions\/43284"}],"wp:featuredmedia":[{"embeddable":true,"href":"https:\/\/www.paranapraia.com.br\/index.php\/wp-json\/wp\/v2\/media\/43283"}],"wp:attachment":[{"href":"https:\/\/www.paranapraia.com.br\/index.php\/wp-json\/wp\/v2\/media?parent=43282"}],"wp:term":[{"taxonomy":"category","embeddable":true,"href":"https:\/\/www.paranapraia.com.br\/index.php\/wp-json\/wp\/v2\/categories?post=43282"},{"taxonomy":"post_tag","embeddable":true,"href":"https:\/\/www.paranapraia.com.br\/index.php\/wp-json\/wp\/v2\/tags?post=43282"}],"curies":[{"name":"wp","href":"https:\/\/api.w.org\/{rel}","templated":true}]}}