{"id":4323,"date":"2019-04-03T13:44:19","date_gmt":"2019-04-03T16:44:19","guid":{"rendered":"https:\/\/www.paranapraia.com.br\/?p=4323"},"modified":"2019-04-03T13:46:45","modified_gmt":"2019-04-03T16:46:45","slug":"apos-21-dias-de-ataque-maes-ainda-fazem-vigilia-em-escola-de-suzano","status":"publish","type":"post","link":"https:\/\/www.paranapraia.com.br\/index.php\/2019\/04\/03\/apos-21-dias-de-ataque-maes-ainda-fazem-vigilia-em-escola-de-suzano\/","title":{"rendered":"Ap\u00f3s 21 dias de ataque, m\u00e3es ainda fazem vig\u00edlia em escola de Suzano"},"content":{"rendered":"\n<p> Sem sentir seguran\u00e7a em deixar sua filha de 17 anos sozinha na&nbsp;<strong><a rel=\"noreferrer noopener\" href=\"https:\/\/tudo-sobre.estadao.com.br\/escola-estadual-raul-brasil-suzano\" target=\"_blank\">Escola Raul Brasil<\/a><\/strong>, D\u00e9bora de Andrade, de 35 anos, ficou na frente do port\u00e3o durante todo o per\u00edodo de aula da menina na segunda-feira. H\u00e1 21 dias, o&nbsp;<strong><a rel=\"noreferrer noopener\" href=\"https:\/\/sao-paulo.estadao.com.br\/noticias\/geral,atirador-invade-escola-e-atira-contra-alunos-em-suzano,70002753396\" target=\"_blank\">massacre de Suzano<\/a><\/strong>&nbsp;deixou 10 mortos e os pais ainda fazem vig\u00edlia e v\u00e3o buscar as crian\u00e7as mais cedo. Al\u00e9m disso, criticam a falta de psic\u00f3logos, policiais e professores. <\/p>\n\n\n\n<p>\u201cTodo mundo ainda est\u00e1 em choque. Os alunos est\u00e3o devastados e os professores, tamb\u00e9m. Muitos faltaram e os estudantes ficaram com aula vaga, sem supervis\u00e3o\u201d, conta ela.&nbsp; <\/p>\n\n\n\n<p>A estudante Thais de Oliveira Laurindo, de 17 anos, afirma que das seis aulas de segunda-feira, v\u00e9spera de um feriado municipal, teve apenas duas, por falta de docentes. Os alunos foram liberados para ficar no p\u00e1tio ou na quadra. \u201cMas eu ainda estou muito assustada com tudo o que houve. Olho para o p\u00e1tio e lembro da trag\u00e9dia, n\u00e3o queria nem sair da sala.\u201d<\/p>\n\n\n\n<p>A contadora Juliana Ribeiro, de 35 anos, m\u00e3e de duas alunas do 1.\u00ba e do 3.\u00ba ano, diz que a aus\u00eancia dos professores deveria ser um alerta para a necessidade de mais cuidado com a sa\u00fade psicol\u00f3gica de todos os que viveram a trag\u00e9dia. \u201cOs funcion\u00e1rios est\u00e3o sofrendo com o que aconteceu e n\u00e3o conseguem sozinhos dar suporte aos alunos. Por isso, seria importante a presen\u00e7a de profissionais de fora, que n\u00e3o vivenciaram o massacre, para ajudar nessa recupera\u00e7\u00e3o\u201d, diz.<\/p>\n\n\n\n<p>Coordenadora da equipe de apoio psicol\u00f3gico \u00e0 escola Raul Brasil, Marilene Proen\u00e7a, diretora do Instituto de Psicologia da Universidade de S\u00e3o Paulo (USP), afirma que a presen\u00e7a dos profissionais da \u00e1rea foi pensada para um aux\u00edlio de emerg\u00eancia, mas as equipes continuam atendendo no Centro de Aten\u00e7\u00e3o Psicossocial (Caps). \u201cContinuamos trabalhando como equipe de apoio. Quem organiza todas as a\u00e7\u00f5es \u00e9 a Secretaria Estadual de Educa\u00e7\u00e3o.\u201d<\/p>\n\n\n\n<p>Um grupo de pais se organiza pelas redes sociais para solicitar uma reuni\u00e3o com a diretoria. Em uma carta, eles reclamam de n\u00e3o ter acesso \u00e0 informa\u00e7\u00e3o sobre o que est\u00e1 sendo feito para melhorar a seguran\u00e7a e para dar suporte psicol\u00f3gico imediato aos alunos e funcion\u00e1rios. \u201cH\u00e1 crian\u00e7as que est\u00e3o comendo no banheiro na hora do recreio, com medo de ficar no p\u00e1tio. Outras ficam planejando fuga\u201d, diz o texto.<\/p>\n\n\n\n<p>Chegou a sua hora! Saiba mais sobre ter seu neg\u00f3cio online com essas dicas valiosas! <\/p>\n\n\n\n<h3 class=\"wp-block-heading\">Refor\u00e7o<\/h3>\n\n\n\n<p>Procurada, a Secretaria Estadual de Educa\u00e7\u00e3o informou que \u201cfuncion\u00e1rios das Diretorias de Ensino foram mobilizados para refor\u00e7ar a equipe da escola, considerando a falta de professores que ainda n\u00e3o haviam retornado \u00e0s atividades\u201d. \u201cEssa \u00e9 uma estrat\u00e9gia que seguir\u00e1 acontecendo para evitar que estudantes fiquem com aulas vagas\u201d, ressaltou.<\/p>\n\n\n\n<p>Na mesma nota oficial, afirmou que \u201ct\u00e9cnicos do Centro de Refer\u00eancia e Apoio \u00e0 V\u00edtima, da Secretaria Estadual de Justi\u00e7a, continuam na escola para atendimentos individuais e coletivos\u201d. Tamb\u00e9m h\u00e1 reuni\u00f5es com grupos volunt\u00e1rios que devem atuar \u201cem a\u00e7\u00f5es de apoio psicol\u00f3gico e formativo\u201d at\u00e9 o m\u00eas de agosto.<\/p>\n","protected":false},"excerpt":{"rendered":"<p>Sem sentir seguran\u00e7a em deixar sua filha de 17 anos sozinha na&nbsp;Escola Raul Brasil, D\u00e9bora de Andrade, de 35 anos, ficou na frente do port\u00e3o durante todo o per\u00edodo de aula da menina na segunda-feira. H\u00e1 21 dias, o&nbsp;massacre de Suzano&nbsp;deixou 10 mortos e os pais ainda fazem vig\u00edlia e v\u00e3o buscar as crian\u00e7as mais [&hellip;]<\/p>\n","protected":false},"author":2,"featured_media":4324,"comment_status":"open","ping_status":"open","sticky":false,"template":"","format":"standard","meta":{"advanced_seo_description":"","jetpack_seo_html_title":"","jetpack_seo_noindex":false,"_jetpack_memberships_contains_paid_content":false,"footnotes":""},"categories":[52],"tags":[],"class_list":{"0":"post-4323","1":"post","2":"type-post","3":"status-publish","4":"format-standard","5":"has-post-thumbnail","7":"category-acidentes"},"jetpack_featured_media_url":"https:\/\/www.paranapraia.com.br\/wp-content\/uploads\/2019\/04\/ataque.jpg","jetpack_sharing_enabled":true,"_links":{"self":[{"href":"https:\/\/www.paranapraia.com.br\/index.php\/wp-json\/wp\/v2\/posts\/4323"}],"collection":[{"href":"https:\/\/www.paranapraia.com.br\/index.php\/wp-json\/wp\/v2\/posts"}],"about":[{"href":"https:\/\/www.paranapraia.com.br\/index.php\/wp-json\/wp\/v2\/types\/post"}],"author":[{"embeddable":true,"href":"https:\/\/www.paranapraia.com.br\/index.php\/wp-json\/wp\/v2\/users\/2"}],"replies":[{"embeddable":true,"href":"https:\/\/www.paranapraia.com.br\/index.php\/wp-json\/wp\/v2\/comments?post=4323"}],"version-history":[{"count":2,"href":"https:\/\/www.paranapraia.com.br\/index.php\/wp-json\/wp\/v2\/posts\/4323\/revisions"}],"predecessor-version":[{"id":4329,"href":"https:\/\/www.paranapraia.com.br\/index.php\/wp-json\/wp\/v2\/posts\/4323\/revisions\/4329"}],"wp:featuredmedia":[{"embeddable":true,"href":"https:\/\/www.paranapraia.com.br\/index.php\/wp-json\/wp\/v2\/media\/4324"}],"wp:attachment":[{"href":"https:\/\/www.paranapraia.com.br\/index.php\/wp-json\/wp\/v2\/media?parent=4323"}],"wp:term":[{"taxonomy":"category","embeddable":true,"href":"https:\/\/www.paranapraia.com.br\/index.php\/wp-json\/wp\/v2\/categories?post=4323"},{"taxonomy":"post_tag","embeddable":true,"href":"https:\/\/www.paranapraia.com.br\/index.php\/wp-json\/wp\/v2\/tags?post=4323"}],"curies":[{"name":"wp","href":"https:\/\/api.w.org\/{rel}","templated":true}]}}