{"id":4319,"date":"2019-04-03T13:40:47","date_gmt":"2019-04-03T16:40:47","guid":{"rendered":"https:\/\/www.paranapraia.com.br\/?p=4319"},"modified":"2019-04-03T13:40:51","modified_gmt":"2019-04-03T16:40:51","slug":"infeccao-generalizada-foi-a-causa-da-morte-do-neto-do-ex-presidente-lula","status":"publish","type":"post","link":"https:\/\/www.paranapraia.com.br\/index.php\/2019\/04\/03\/infeccao-generalizada-foi-a-causa-da-morte-do-neto-do-ex-presidente-lula\/","title":{"rendered":"Infec\u00e7\u00e3o generalizada foi a causa da morte do neto do ex-presidente Lula"},"content":{"rendered":"\n<p>Cerca de um m\u00eas depois da morte de&nbsp;<strong>Arthur Ara\u00fajo Lula da Silva<\/strong>, neto do ex-presidente Luiz In\u00e1cio&nbsp;<a href=\"https:\/\/veja.abril.com.br\/noticias-sobre\/luiz-inacio-lula-da-silva\" target=\"_blank\" rel=\"noreferrer noopener\"><strong>Lula<\/strong><\/a>&nbsp;da Silva (PT) que tinha sete anos, foi desmentida a causa apontada \u00e0 \u00e9poca para o \u00f3bito.<\/p>\n\n\n\n<p>Ao inv\u00e9s de meningite meningoc\u00f3cica, como se suspeitava, Arthur foi v\u00edtima de infec\u00e7\u00e3o generalizada, causada pela bact\u00e9ria&nbsp;<em>Staphylococcus&nbsp;aureus<\/em>. A informa\u00e7\u00e3o foi confirmada a VEJA pela assessoria de imprensa do Instituto Lula.<\/p>\n\n\n\n<p>Nesta ter\u00e7a-feira, 2, a Prefeitura de Santo Andr\u00e9 divulgou nota afirmando que enviou mostras coletadas para o Instituto Adolfo Lutz, em S\u00e3o Paulo, e obteve resultados negativos para meningite, meningite meningoc\u00f3cica e meningococcemia.<\/p>\n\n\n\n<p>O diagn\u00f3stico foi informado inicialmente pelo Hospital Bartira, da Rede D\u2019Or, onde Arthur foi atendido. A avalia\u00e7\u00e3o foi criticada, no Twitter, pelo ex-ministro da Sa\u00fade e deputado federal Alexandre Padilha (PT-SP) que a classificou como \u201canti\u00e9tica\u201d e \u201cirrespons\u00e1vel\u201d.<\/p>\n\n\n\n<p>Procurado, o Hospital Bartira afirmou que \u201cprestou todo o atendimento de forma imediata, proporcionando a assist\u00eancia necess\u00e1ria ao caso\u201d. Segundo o hospital, \u201cqualquer informa\u00e7\u00e3o adicional depender\u00e1 da autoriza\u00e7\u00e3o expressa da fam\u00edlia\u201d.<\/p>\n\n\n\n<p>MSN<\/p>\n","protected":false},"excerpt":{"rendered":"<p>Cerca de um m\u00eas depois da morte de&nbsp;Arthur Ara\u00fajo Lula da Silva, neto do ex-presidente Luiz In\u00e1cio&nbsp;Lula&nbsp;da Silva (PT) que tinha sete anos, foi desmentida a causa apontada \u00e0 \u00e9poca para o \u00f3bito. Ao inv\u00e9s de meningite meningoc\u00f3cica, como se suspeitava, Arthur foi v\u00edtima de infec\u00e7\u00e3o generalizada, causada pela bact\u00e9ria&nbsp;Staphylococcus&nbsp;aureus. A informa\u00e7\u00e3o foi confirmada a [&hellip;]<\/p>\n","protected":false},"author":2,"featured_media":4320,"comment_status":"open","ping_status":"open","sticky":false,"template":"","format":"standard","meta":{"advanced_seo_description":"","jetpack_seo_html_title":"","jetpack_seo_noindex":false,"_jetpack_memberships_contains_paid_content":false,"footnotes":""},"categories":[43],"tags":[],"class_list":{"0":"post-4319","1":"post","2":"type-post","3":"status-publish","4":"format-standard","5":"has-post-thumbnail","7":"category-cotidiano"},"jetpack_featured_media_url":"https:\/\/www.paranapraia.com.br\/wp-content\/uploads\/2019\/04\/lula.jpg","jetpack_sharing_enabled":true,"_links":{"self":[{"href":"https:\/\/www.paranapraia.com.br\/index.php\/wp-json\/wp\/v2\/posts\/4319"}],"collection":[{"href":"https:\/\/www.paranapraia.com.br\/index.php\/wp-json\/wp\/v2\/posts"}],"about":[{"href":"https:\/\/www.paranapraia.com.br\/index.php\/wp-json\/wp\/v2\/types\/post"}],"author":[{"embeddable":true,"href":"https:\/\/www.paranapraia.com.br\/index.php\/wp-json\/wp\/v2\/users\/2"}],"replies":[{"embeddable":true,"href":"https:\/\/www.paranapraia.com.br\/index.php\/wp-json\/wp\/v2\/comments?post=4319"}],"version-history":[{"count":1,"href":"https:\/\/www.paranapraia.com.br\/index.php\/wp-json\/wp\/v2\/posts\/4319\/revisions"}],"predecessor-version":[{"id":4321,"href":"https:\/\/www.paranapraia.com.br\/index.php\/wp-json\/wp\/v2\/posts\/4319\/revisions\/4321"}],"wp:featuredmedia":[{"embeddable":true,"href":"https:\/\/www.paranapraia.com.br\/index.php\/wp-json\/wp\/v2\/media\/4320"}],"wp:attachment":[{"href":"https:\/\/www.paranapraia.com.br\/index.php\/wp-json\/wp\/v2\/media?parent=4319"}],"wp:term":[{"taxonomy":"category","embeddable":true,"href":"https:\/\/www.paranapraia.com.br\/index.php\/wp-json\/wp\/v2\/categories?post=4319"},{"taxonomy":"post_tag","embeddable":true,"href":"https:\/\/www.paranapraia.com.br\/index.php\/wp-json\/wp\/v2\/tags?post=4319"}],"curies":[{"name":"wp","href":"https:\/\/api.w.org\/{rel}","templated":true}]}}