{"id":4299,"date":"2019-04-03T11:25:59","date_gmt":"2019-04-03T14:25:59","guid":{"rendered":"https:\/\/www.paranapraia.com.br\/?p=4299"},"modified":"2019-04-03T11:26:00","modified_gmt":"2019-04-03T14:26:00","slug":"parana-avalia-novas-tecnologias-para-reforcar-acoes-de-seguranca","status":"publish","type":"post","link":"https:\/\/www.paranapraia.com.br\/index.php\/2019\/04\/03\/parana-avalia-novas-tecnologias-para-reforcar-acoes-de-seguranca\/","title":{"rendered":"Paran\u00e1 avalia novas tecnologias para refor\u00e7ar a\u00e7\u00f5es de seguran\u00e7a"},"content":{"rendered":"\n<p>O governador Ratinho Junior esteve na 12\u00aa edi\u00e7\u00e3o da feira internacional de seguran\u00e7a LAAD Defence &amp; Security, no Rio de Janeiro. A viagem teve como objetivo conhecer tecnologias que possam ser aplicadas no Paran\u00e1 para refor\u00e7ar e aprimorar o sistema seguran\u00e7a p\u00fablica.<\/p>\n\n\n\n<p>Segundo o governador, \u00e9 importante avaliar as solu\u00e7\u00f5es propostas pela ind\u00fastria da seguran\u00e7a p\u00fablica para modernizar o modelo de policiamento preventivo e o trabalho das for\u00e7as de seguran\u00e7a no combate \u00e0 criminalidade. Ele destacou que o Paran\u00e1 \u00e9 um estado que faz fronteira com dois pa\u00edses e a vigil\u00e2ncia na regi\u00e3o tamb\u00e9m deve ser prioridade.<\/p>\n\n\n\n<p>O governador conheceu modelos de helic\u00f3pteros empregados em a\u00e7\u00f5es de pol\u00edcia, urg\u00eancia m\u00e9dica e de Defesa Civil, al\u00e9m de equipamentos para Pol\u00edcia Civil, Pol\u00edcia Militar e Corpo de Bombeiros. O secret\u00e1rio de Seguran\u00e7a P\u00fablica e Administra\u00e7\u00e3o Penitenci\u00e1ria, Luiz Felipe Carbonell, acompanhou a agenda.<\/p>\n\n\n\n<p>Uma das tecnologias avaliadas foi a que permite o reconhecimento facial em tempo real. Programas similares j\u00e1 funcionam em alguns estados e outros pa\u00edses. Eles permitem o encaminhamento de imagens de c\u00e2meras de seguran\u00e7a para uma central, onde s\u00e3o cruzadas com o banco de dados da Pol\u00edcia Civil e do Detran &#8211; os sistemas geralmente&nbsp;s\u00e3o capazes de fazer leitura de placas veiculares.<\/p>\n\n\n\n<p>Ratinho Junior e o secret\u00e1rio de Seguran\u00e7a P\u00fablica visitaram ainda empresas especializadas no uso de drones para vigil\u00e2ncia. Essas c\u00e2meras m\u00f3veis s\u00e3o reconhecidas mundialmente pela efici\u00eancia no combate de crimes urbanos, uma vez que conseguem registrar grandes \u00e1reas com alta capacidade de resolu\u00e7\u00e3o. As informa\u00e7\u00f5es tamb\u00e9m s\u00e3o repassadas em tempo real para equipes nas ruas.<\/p>\n\n\n\n<p>A visita ainda contemplou estandes de uniformes de ponta para todas as for\u00e7as do Estado, al\u00e9m de novos equipamentos que podem ser utilizados em viaturas. O objetivo do governador \u00e9 priorizar a seguran\u00e7a dos servidores envolvidos na \u00e1rea.<\/p>\n\n\n\n<h2 class=\"wp-block-heading\"><strong>Estado-Piloto<\/strong><\/h2>\n\n\n\n<p>A visita de Ratinho Junior levou em considera\u00e7\u00e3o a necessidade de aprimorar o sistema estadual de seguran\u00e7a. Al\u00e9m disso, o Estado est\u00e1 envolvido em dois projetos-pilotos que est\u00e3o sendo desenvolvidos em parceria com a Uni\u00e3o. O Paran\u00e1 ser\u00e1 o primeiro a receber um centro de integra\u00e7\u00e3o para cuidar da seguran\u00e7a de fronteira e foi escolhido para participar do Programa Nacional de Enfrentamento \u00e0 Criminalidade Violenta.<\/p>\n\n\n\n<p>O acordo do centro, firmado entre o governador e o ministro da Justi\u00e7a e Seguran\u00e7a P\u00fablica, Sergio Moro, prev\u00ea a\u00e7\u00f5es estrat\u00e9gias para coibir crimes como tr\u00e1fico de drogas e contrabando. O Paran\u00e1 tem 450 quil\u00f4metros de fronteira seca e aqu\u00e1tica com o Paraguai e a Argentina, al\u00e9m de fazer divisa com os estados de S\u00e3o Paulo, Mato Grosso do Sul e Santa Catarina.<\/p>\n\n\n\n<p>O Paran\u00e1 tamb\u00e9m foi escolhido pelo governo federal para participar do Programa Nacional de Enfrentamento \u00e0 Criminalidade Violenta, conduzido pela Secretaria Nacional da Seguran\u00e7a P\u00fablica. O projeto-piloto visa reduzir crimes por meio de a\u00e7\u00f5es integradas entre as esferas estadual, federal e municipal. A iniciativa vai ser implantada inicialmente no munic\u00edpio de S\u00e3o Jos\u00e9 dos Pinhais, na Regi\u00e3o Metropolitana de Curitiba, em junho deste ano.<\/p>\n\n\n\n<h2 class=\"wp-block-heading\">Projetos<\/h2>\n\n\n\n<p>As a\u00e7\u00f5es de seguran\u00e7a do Governo tamb\u00e9m passam por um protocolo de coopera\u00e7\u00e3o com estados vizinhos (S\u00e3o Paulo, Santa Catarina e Mato Grosso do Sul) para a\u00e7\u00e3o policial nas divisas e combate ao crime organizado; cria\u00e7\u00e3o de uma Cidade da Pol\u00edcia para concentrar toda a intelig\u00eancia e as bases de dados das pol\u00edcias Civil e Militar; os projetos Falc\u00e3o (fiscaliza\u00e7\u00e3o com drones) e Olho Vivo (integra\u00e7\u00e3o dos sistemas de seguran\u00e7a federal, estadual e municipal); e desenvolvimento de novas tecnologias para aplicar no sistema penitenci\u00e1rio.<\/p>\n\n\n\n<h2 class=\"wp-block-heading\"><a href=\"https:\/\/www.laadexpo.com.br\/\" rel=\"noreferrer noopener\" target=\"_blank\"><strong>Laad Defence &amp; Security<\/strong><\/a><\/h2>\n\n\n\n<p>O evento no Rio de Janeiro re\u00fane mais de 450 empresas. O presidente da Rep\u00fablica em exerc\u00edcio, Hamilton Mour\u00e3o, e o ministro da Justi\u00e7a e Seguran\u00e7a P\u00fablica, Sergio Moro, tamb\u00e9m participaram da feira nesta ter\u00e7a-feira. A expectativa dos organizadores \u00e9 de reunir 200 delega\u00e7\u00f5es oficiais de 80 pa\u00edses at\u00e9 a pr\u00f3xima sexta-feira (5).<\/p>\n\n\n\n<p>Colabora\u00e7\u00e3o AEN<a href=\"https:\/\/api.whatsapp.com\/send?text=Paran%C3%A1%20avalia%20novas%20tecnologias%20para%20refor%C3%A7ar%20a%C3%A7%C3%B5es%20de%20seguran%C3%A7a%20https%3a%2f%2fmassanews.com%2fnoticias%2fplantao%2fparana-avalia-novas-tecnologias-para-reforcar-acoes-de-seguranca-8qory.html%3futm_source%3dwhatsapp%26utm_medium%3dshare%26utm_content%3dnoticias__plantao%26utm_campaign%3dparana-avalia-novas-tecnologias-para-reforcar-acoes-de-seguranca-8qory\" target=\"_blank\" rel=\"noreferrer noopener\"><\/a><a href=\"https:\/\/www.facebook.com\/dialog\/share?app_id=154958548449276&amp;display=popup&amp;picture=https:\/\/cdn.massanews.com\/uploads\/noticias\/lg-7ab2314d-a82b-4125-b5e1-c7a82a327bbf.jpg&amp;href=https:\/\/massanews.com\/noticias\/plantao\/parana-avalia-novas-tecnologias-para-reforcar-acoes-de-seguranca-8qory.html&amp;redirect_uri=https:\/\/massanews.com\/noticias\/plantao\/parana-avalia-novas-tecnologias-para-reforcar-acoes-de-seguranca-8qory.html&amp;caption=massanews.com\" target=\"_blank\" rel=\"noreferrer noopener\"><\/a><a href=\"https:\/\/twitter.com\/intent\/tweet?text=Paran%c3%a1+avalia+novas+tecnologias+para+refor%c3%a7ar+a%c3%a7%c3%b5es+de+seguran%c3%a7a%20https:\/\/massanews.com\/noticias\/plantao\/parana-avalia-novas-tecnologias-para-reforcar-acoes-de-seguranca-8qory.html\" target=\"_blank\" rel=\"noreferrer noopener\"><\/a><a href=\"https:\/\/plus.google.com\/share?url=https:\/\/massanews.com\/noticias\/plantao\/parana-avalia-novas-tecnologias-para-reforcar-acoes-de-seguranca-8qory.html\" target=\"_blank\" rel=\"noreferrer noopener\"><\/a><br><\/p>\n","protected":false},"excerpt":{"rendered":"<p>O governador Ratinho Junior esteve na 12\u00aa edi\u00e7\u00e3o da feira internacional de seguran\u00e7a LAAD Defence &amp; Security, no Rio de Janeiro. A viagem teve como objetivo conhecer tecnologias que possam ser aplicadas no Paran\u00e1 para refor\u00e7ar e aprimorar o sistema seguran\u00e7a p\u00fablica. Segundo o governador, \u00e9 importante avaliar as solu\u00e7\u00f5es propostas pela ind\u00fastria da seguran\u00e7a [&hellip;]<\/p>\n","protected":false},"author":2,"featured_media":4300,"comment_status":"open","ping_status":"open","sticky":false,"template":"","format":"standard","meta":{"advanced_seo_description":"","jetpack_seo_html_title":"","jetpack_seo_noindex":false,"_jetpack_memberships_contains_paid_content":false,"footnotes":""},"categories":[40],"tags":[],"class_list":{"0":"post-4299","1":"post","2":"type-post","3":"status-publish","4":"format-standard","5":"has-post-thumbnail","7":"category-destaques"},"jetpack_featured_media_url":"https:\/\/www.paranapraia.com.br\/wp-content\/uploads\/2019\/04\/rato.jpg","jetpack_sharing_enabled":true,"_links":{"self":[{"href":"https:\/\/www.paranapraia.com.br\/index.php\/wp-json\/wp\/v2\/posts\/4299"}],"collection":[{"href":"https:\/\/www.paranapraia.com.br\/index.php\/wp-json\/wp\/v2\/posts"}],"about":[{"href":"https:\/\/www.paranapraia.com.br\/index.php\/wp-json\/wp\/v2\/types\/post"}],"author":[{"embeddable":true,"href":"https:\/\/www.paranapraia.com.br\/index.php\/wp-json\/wp\/v2\/users\/2"}],"replies":[{"embeddable":true,"href":"https:\/\/www.paranapraia.com.br\/index.php\/wp-json\/wp\/v2\/comments?post=4299"}],"version-history":[{"count":1,"href":"https:\/\/www.paranapraia.com.br\/index.php\/wp-json\/wp\/v2\/posts\/4299\/revisions"}],"predecessor-version":[{"id":4301,"href":"https:\/\/www.paranapraia.com.br\/index.php\/wp-json\/wp\/v2\/posts\/4299\/revisions\/4301"}],"wp:featuredmedia":[{"embeddable":true,"href":"https:\/\/www.paranapraia.com.br\/index.php\/wp-json\/wp\/v2\/media\/4300"}],"wp:attachment":[{"href":"https:\/\/www.paranapraia.com.br\/index.php\/wp-json\/wp\/v2\/media?parent=4299"}],"wp:term":[{"taxonomy":"category","embeddable":true,"href":"https:\/\/www.paranapraia.com.br\/index.php\/wp-json\/wp\/v2\/categories?post=4299"},{"taxonomy":"post_tag","embeddable":true,"href":"https:\/\/www.paranapraia.com.br\/index.php\/wp-json\/wp\/v2\/tags?post=4299"}],"curies":[{"name":"wp","href":"https:\/\/api.w.org\/{rel}","templated":true}]}}