{"id":4292,"date":"2019-04-03T11:22:46","date_gmt":"2019-04-03T14:22:46","guid":{"rendered":"https:\/\/www.paranapraia.com.br\/?p=4292"},"modified":"2019-04-03T11:22:48","modified_gmt":"2019-04-03T14:22:48","slug":"acidente-entre-dois-caminhoes-e-dois-carros-deixa-feridos-na-br-376-em-guaratuba","status":"publish","type":"post","link":"https:\/\/www.paranapraia.com.br\/index.php\/2019\/04\/03\/acidente-entre-dois-caminhoes-e-dois-carros-deixa-feridos-na-br-376-em-guaratuba\/","title":{"rendered":"Acidente entre dois caminh\u00f5es e dois carros deixa feridos na BR-376, em Guaratuba"},"content":{"rendered":"\n<h4 class=\"wp-block-heading\">H\u00e1 soja e \u00f3leo derramados na pista, e o trecho da rodovia precisou ser interditado. Acidente aconteceu na manh\u00e3 desta quarta-feira (3).<\/h4>\n\n\n\n<p>Um acidente entre dois caminh\u00f5es e dois carros deixou tr\u00eas pessoas feridas na BR-376 em Guaratuba, no litoral do Paran\u00e1, na manh\u00e3 desta quarta-feira (3), de acordo com a Pol\u00edcia Rodovi\u00e1ria Federal (PRF).<\/p>\n\n\n\n<p>Uma das v\u00edtimas, segundo a PRF, ficou presa nas ferragens. Todos os feridos tiveram les\u00f5es leves.<\/p>\n\n\n\n<figure class=\"wp-block-image\"><img decoding=\"async\" src=\"https:\/\/s2.glbimg.com\/XdvhMCD-LqlIYwyUqHQ5NfEmkjk=\/0x0:1152x864\/984x0\/smart\/filters:strip_icc()\/i.s3.glbimg.com\/v1\/AUTH_59edd422c0c84a879bd37670ae4f538a\/internal_photos\/bs\/2019\/h\/1\/4zkUUEQLikeG07tHMKpw\/dois-caminhoes-se-envolveram-no-acidente.jpg\" alt=\"Dois caminh\u00f5es se envolveram no acidente \u2014 Foto: PRF\/Divulga\u00e7\u00e3o\"\/><\/figure>\n\n\n\n<p>Dois caminh\u00f5es se envolveram no acidente \u2014 Foto: PRF\/Divulga\u00e7\u00e3o<\/p>\n\n\n\n<h2 class=\"wp-block-heading\">Interdi\u00e7\u00e3o<\/h2>\n\n\n\n<p>H\u00e1 soja e \u00f3leo derramados na pista, e o trecho da rodovia \u2013 que \u00e9 sinuoso \u2013 precisou ser interditado no sentido sul, na altura do km 667. O acidente aconteceu por volta das 9h.<\/p>\n\n\n\n<p>O tempo era bom no momento em que houve a batida. Ainda n\u00e3o h\u00e1 informa\u00e7\u00f5es do que pode ter causado a colis\u00e3o.<\/p>\n\n\n\n<p>Por volta das 11h, o congestionamento no local, de acordo com a PRF, era de aproximadamente dez quil\u00f4metros.<\/p>\n\n\n\n<figure class=\"wp-block-image\"><img decoding=\"async\" src=\"https:\/\/s2.glbimg.com\/FrQYK98fYzytMNc_pCMaXPI3J7Y=\/0x0:1152x864\/984x0\/smart\/filters:strip_icc()\/i.s3.glbimg.com\/v1\/AUTH_59edd422c0c84a879bd37670ae4f538a\/internal_photos\/bs\/2019\/r\/6\/J9MZNhR0AaxwD3I9dclg\/um-dos-carros-que-se-envolveram-no-acidente-na-br-376-em-guaratuba.jpg\" alt=\"Um dos carros que se envolveram no acidente, na BR-376, em Guaratuba \u2014 Foto: PRF\/Divulga\u00e7\u00e3o\"\/><\/figure>\n\n\n\n<p>Um dos carros que se envolveram no acidente, na BR-376, em Guaratuba \u2014 Foto: PRF\/Divulga\u00e7\u00e3o<\/p>\n\n\n\n<figure class=\"wp-block-image\"><img decoding=\"async\" src=\"https:\/\/s2.glbimg.com\/IZnZN2syhHY8CiTi9SVSVZctDIQ=\/0x0:1152x864\/984x0\/smart\/filters:strip_icc()\/i.s3.glbimg.com\/v1\/AUTH_59edd422c0c84a879bd37670ae4f538a\/internal_photos\/bs\/2019\/n\/6\/FHQU6fSNiMlEHg2jtpHQ\/acidente-aconteceu-na-br-376-em-guaratuba-na-manha-desta-quarta-feira-3-.jpg\" alt=\"Acidente aconteceu na BR-376, em Guaratuba, na manh\u00e3 desta quarta-feira (3) \u2014 Foto: PRF\/Divulga\u00e7\u00e3o\"\/><\/figure>\n\n\n\n<p>Acidente aconteceu na BR-376, em Guaratuba, na manh\u00e3 desta quarta-feira (3) \u2014 Foto: PRF\/Divulga\u00e7\u00e3o<\/p>\n\n\n\n<p>G1PR<\/p>\n\n\n\n<p><br><\/p>\n","protected":false},"excerpt":{"rendered":"<p>H\u00e1 soja e \u00f3leo derramados na pista, e o trecho da rodovia precisou ser interditado. Acidente aconteceu na manh\u00e3 desta quarta-feira (3). Um acidente entre dois caminh\u00f5es e dois carros deixou tr\u00eas pessoas feridas na BR-376 em Guaratuba, no litoral do Paran\u00e1, na manh\u00e3 desta quarta-feira (3), de acordo com a Pol\u00edcia Rodovi\u00e1ria Federal (PRF). [&hellip;]<\/p>\n","protected":false},"author":2,"featured_media":4296,"comment_status":"open","ping_status":"open","sticky":false,"template":"","format":"standard","meta":{"advanced_seo_description":"","jetpack_seo_html_title":"","jetpack_seo_noindex":false,"_jetpack_memberships_contains_paid_content":false,"footnotes":""},"categories":[40],"tags":[],"class_list":{"0":"post-4292","1":"post","2":"type-post","3":"status-publish","4":"format-standard","5":"has-post-thumbnail","7":"category-destaques"},"jetpack_featured_media_url":"https:\/\/www.paranapraia.com.br\/wp-content\/uploads\/2019\/04\/carreta.jpg","jetpack_sharing_enabled":true,"_links":{"self":[{"href":"https:\/\/www.paranapraia.com.br\/index.php\/wp-json\/wp\/v2\/posts\/4292"}],"collection":[{"href":"https:\/\/www.paranapraia.com.br\/index.php\/wp-json\/wp\/v2\/posts"}],"about":[{"href":"https:\/\/www.paranapraia.com.br\/index.php\/wp-json\/wp\/v2\/types\/post"}],"author":[{"embeddable":true,"href":"https:\/\/www.paranapraia.com.br\/index.php\/wp-json\/wp\/v2\/users\/2"}],"replies":[{"embeddable":true,"href":"https:\/\/www.paranapraia.com.br\/index.php\/wp-json\/wp\/v2\/comments?post=4292"}],"version-history":[{"count":1,"href":"https:\/\/www.paranapraia.com.br\/index.php\/wp-json\/wp\/v2\/posts\/4292\/revisions"}],"predecessor-version":[{"id":4297,"href":"https:\/\/www.paranapraia.com.br\/index.php\/wp-json\/wp\/v2\/posts\/4292\/revisions\/4297"}],"wp:featuredmedia":[{"embeddable":true,"href":"https:\/\/www.paranapraia.com.br\/index.php\/wp-json\/wp\/v2\/media\/4296"}],"wp:attachment":[{"href":"https:\/\/www.paranapraia.com.br\/index.php\/wp-json\/wp\/v2\/media?parent=4292"}],"wp:term":[{"taxonomy":"category","embeddable":true,"href":"https:\/\/www.paranapraia.com.br\/index.php\/wp-json\/wp\/v2\/categories?post=4292"},{"taxonomy":"post_tag","embeddable":true,"href":"https:\/\/www.paranapraia.com.br\/index.php\/wp-json\/wp\/v2\/tags?post=4292"}],"curies":[{"name":"wp","href":"https:\/\/api.w.org\/{rel}","templated":true}]}}