{"id":4288,"date":"2019-04-03T10:07:55","date_gmt":"2019-04-03T13:07:55","guid":{"rendered":"https:\/\/www.paranapraia.com.br\/?p=4288"},"modified":"2019-04-03T10:07:55","modified_gmt":"2019-04-03T13:07:55","slug":"justica-decreta-prisao-de-empresario-investigado-pela-lava-jato-por-superfaturamento-na-construcao-de-sede-da-petrobras","status":"publish","type":"post","link":"https:\/\/www.paranapraia.com.br\/index.php\/2019\/04\/03\/justica-decreta-prisao-de-empresario-investigado-pela-lava-jato-por-superfaturamento-na-construcao-de-sede-da-petrobras\/","title":{"rendered":"Justi\u00e7a decreta pris\u00e3o de empres\u00e1rio investigado pela Lava Jato por superfaturamento na constru\u00e7\u00e3o de sede da Petrobras"},"content":{"rendered":"\n<h4 class=\"wp-block-heading\">M\u00e1rio Seabra Suarez foi alvo da 56\u00aa fase da opera\u00e7\u00e3o, em novembro de 2018. Mandado segue decis\u00e3o que revoga habeas corpus concedido pelo STJ.<\/h4>\n\n\n\n<p>O juiz Luiz Ant\u00f4nio Bonat, da 13\u00aa Vara Federal de Curitiba, mandou restabelecer a pris\u00e3o preventiva do empres\u00e1rio M\u00e1rio Seabra Suarez, alvo da 56\u00aa fase da Opera\u00e7\u00e3o Lava Jato, que&nbsp;<a href=\"https:\/\/g1.globo.com\/pr\/parana\/noticia\/2018\/11\/23\/com-superfaturamento-projetos-e-obra-da-sede-da-petrobras-na-ba-passam-de-r-320-milhoes-para-r-13-bilhao.ghtml\">investiga o superfaturamento na constru\u00e7\u00e3o da sede da Petrobras<\/a>&nbsp;em Salvador (BA).<\/p>\n\n\n\n<p>De acordo com o Minist\u00e9rio P\u00fablico Federal (MPF), os projetos e a obra da Torre Pituba, sede da Petrobras, passaram de R$ 320 milh\u00f5es para R$ 1,3 bilh\u00e3o com o superfaturamento do empreendimento. O empres\u00e1rio foi s\u00f3cio da Mendes Pinto Engenharia, empresa contratada para gerir e fiscalizar a obra.<\/p>\n\n\n\n<p>O mandado, publicado na noite desta ter\u00e7a-feira (2), segue a decis\u00e3o do ministro Felix Fischer, relator da Lava Jato no Superior Tribunal de Justi\u00e7a (STJ). Fischer revogou um habeas corpus do pr\u00f3prio STJ, de 2 de fevereiro, que soltou o empres\u00e1rio.<\/p>\n\n\n\n<p>M\u00e1rio Seabra Suarez&nbsp;<a href=\"https:\/\/g1.globo.com\/pr\/parana\/noticia\/2018\/11\/23\/pf-deflagra-a-56a-fase-da-operacao-lava-jato.ghtml\">foi preso<\/a>&nbsp;preventivamente quando mais uma fase da opera\u00e7\u00e3o foi deflagrada em 23 de novembro. Mas o presidente do STJ, ministro Jo\u00e3o Ot\u00e1vio de Noronha, mandou solt\u00e1-lo tr\u00eas meses mais tarde por entender que os acontecimentos investigados aconteceram em 2016, &#8220;\u2018sem a contemporaneidade necess\u00e1ria para decreta\u00e7\u00e3o da pris\u00e3o preventiva&#8221;.<\/p>\n\n\n\n<p>Neste domingo (28), o relator da Lava Jato no STJ revogou a decis\u00e3o alegando que manter o empres\u00e1rio preso preventivamente garante a ordem p\u00fablica. &#8220;O risco \u00e0 ordem p\u00fablica n\u00e3o \u00e9, de plano, afastado, em virtude da alega\u00e7\u00e3o de falta de contemporaneidade dos fatos, pois, os valores recebidos como propinas ainda n\u00e3o foram totalmente recuperados&#8221;, afirmou na decis\u00e3o.<\/p>\n\n\n\n<p>O mandado de pris\u00e3o determina que o empres\u00e1rio seja preso na Bahia e encaminhado para a sede da Superintend\u00eancia da Pol\u00edcia Federal em Curitiba, onde est\u00e3o outros presos da opera\u00e7\u00e3o.<\/p>\n\n\n\n<h2 class=\"wp-block-heading\">Torre Pituba<\/h2>\n\n\n\n<p>De acordo com o Minist\u00e9rio P\u00fablico Federal (MPF), com o superfaturamento na constru\u00e7\u00e3o da Torre Pituba, sede da Petrobras em Salvador (BA), os projetos e a obra do pr\u00e9dio passaram de R$ 320 milh\u00f5es para R$ 1,3 bilh\u00e3o.<\/p>\n\n\n\n<p>Segundo a for\u00e7a-tarefa da Lava Jato, o superfaturamento foi acertado entre a Petrobras e o Fundo Petrobras de Seguridade Social (Petros) para bancar um esquema de propina.<\/p>\n\n\n\n<p>A den\u00fancia do MPF aponta que M\u00e1rio Seabra Suarez &#8220;desempenhou um papel central na arquitetura delitiva&#8221;.<\/p>\n\n\n\n<p>A investiga\u00e7\u00e3o afirma que M\u00e1rio Suarez era um dos respons\u00e1veis por coordenar o recebimento de valores il\u00edcitos de construtoras e distribuir a propina.<\/p>\n\n\n\n<p>Segundo os procuradores, o empres\u00e1rio &#8220;atuou decisivamente para a corrup\u00e7\u00e3o de funcion\u00e1rios p\u00fablicos e a distribui\u00e7\u00e3o de vantagens indevidas, parte significativa das quais prestou-se ao seu pr\u00f3prio enriquecimento il\u00edcito&#8221;.<\/p>\n\n\n\n<p>G1PR<\/p>\n","protected":false},"excerpt":{"rendered":"<p>M\u00e1rio Seabra Suarez foi alvo da 56\u00aa fase da opera\u00e7\u00e3o, em novembro de 2018. Mandado segue decis\u00e3o que revoga habeas corpus concedido pelo STJ. O juiz Luiz Ant\u00f4nio Bonat, da 13\u00aa Vara Federal de Curitiba, mandou restabelecer a pris\u00e3o preventiva do empres\u00e1rio M\u00e1rio Seabra Suarez, alvo da 56\u00aa fase da Opera\u00e7\u00e3o Lava Jato, que&nbsp;investiga o [&hellip;]<\/p>\n","protected":false},"author":2,"featured_media":4289,"comment_status":"open","ping_status":"open","sticky":false,"template":"","format":"standard","meta":{"advanced_seo_description":"","jetpack_seo_html_title":"","jetpack_seo_noindex":false,"_jetpack_memberships_contains_paid_content":false,"footnotes":""},"categories":[33],"tags":[],"class_list":{"0":"post-4288","1":"post","2":"type-post","3":"status-publish","4":"format-standard","5":"has-post-thumbnail","7":"category-policia"},"jetpack_featured_media_url":"https:\/\/www.paranapraia.com.br\/wp-content\/uploads\/2019\/04\/petro.jpg","jetpack_sharing_enabled":true,"_links":{"self":[{"href":"https:\/\/www.paranapraia.com.br\/index.php\/wp-json\/wp\/v2\/posts\/4288"}],"collection":[{"href":"https:\/\/www.paranapraia.com.br\/index.php\/wp-json\/wp\/v2\/posts"}],"about":[{"href":"https:\/\/www.paranapraia.com.br\/index.php\/wp-json\/wp\/v2\/types\/post"}],"author":[{"embeddable":true,"href":"https:\/\/www.paranapraia.com.br\/index.php\/wp-json\/wp\/v2\/users\/2"}],"replies":[{"embeddable":true,"href":"https:\/\/www.paranapraia.com.br\/index.php\/wp-json\/wp\/v2\/comments?post=4288"}],"version-history":[{"count":1,"href":"https:\/\/www.paranapraia.com.br\/index.php\/wp-json\/wp\/v2\/posts\/4288\/revisions"}],"predecessor-version":[{"id":4290,"href":"https:\/\/www.paranapraia.com.br\/index.php\/wp-json\/wp\/v2\/posts\/4288\/revisions\/4290"}],"wp:featuredmedia":[{"embeddable":true,"href":"https:\/\/www.paranapraia.com.br\/index.php\/wp-json\/wp\/v2\/media\/4289"}],"wp:attachment":[{"href":"https:\/\/www.paranapraia.com.br\/index.php\/wp-json\/wp\/v2\/media?parent=4288"}],"wp:term":[{"taxonomy":"category","embeddable":true,"href":"https:\/\/www.paranapraia.com.br\/index.php\/wp-json\/wp\/v2\/categories?post=4288"},{"taxonomy":"post_tag","embeddable":true,"href":"https:\/\/www.paranapraia.com.br\/index.php\/wp-json\/wp\/v2\/tags?post=4288"}],"curies":[{"name":"wp","href":"https:\/\/api.w.org\/{rel}","templated":true}]}}