{"id":4271,"date":"2019-04-03T09:54:17","date_gmt":"2019-04-03T12:54:17","guid":{"rendered":"https:\/\/www.paranapraia.com.br\/?p=4271"},"modified":"2019-04-07T18:16:08","modified_gmt":"2019-04-07T21:16:08","slug":"vem-ai-a-36a-feira-agricola-artesanal-de-morretes","status":"publish","type":"post","link":"https:\/\/www.paranapraia.com.br\/index.php\/2019\/04\/03\/vem-ai-a-36a-feira-agricola-artesanal-de-morretes\/","title":{"rendered":"Vem a\u00ed a 36\u00aa Feira Agr\u00edcola Artesanal de Morretes"},"content":{"rendered":"\n<p>Uma festa incr\u00edvel onde o povo de Morretes externa toda sua potencialidade como transformador de produtos agricolas, bem como no nosso artesanato. O evento ser\u00e1 realizado do dia 26 de abril ao dia 5 de maio. <\/p>\n\n\n\n<p>Est\u00e1 feliz com seu corpo? Precisa emagrecer. Veja essa dica. Os resultados s\u00e3o incr\u00edveis e 100% Garantidos. Fa\u00e7a parte voc\u00ea tamb\u00e9m. Clique no link e saia mais: #mudesuavidaagora <\/p>\n\n\n\n<p>Esta sem duvida \u00e9 a verdadeira festa da cidade, idealizada em meados de julho de 1982 pelo ent\u00e3o prefeito Marcy Alves Pinto e materializada pelo Prefeito Orlando Conforto e sua equipe de governo. Um caso de sucesso que com o passar dos tempos foi se solidificando at\u00e9 chegar aos dias atuais com a participa\u00e7\u00e3o direta de mais de 300 pessoas ligadas a agricultura e ao artesanato.<\/p>\n\n\n\n<p>Nesta festa al\u00e9m do visitante encontrar produtos ins\u00f3litos, imposs\u00edvel de encontrar nas g\u00f4ndolas dos supermercados ainda o turista se diverte com boa m\u00fasica e uma deliciosa culin\u00e1ria local, que vai desde uma coxinha de aipim at\u00e9 um delicioso barreado, vale a pena conferir. <\/p>\n\n\n\n<p>Voc\u00ea pode chegar a Morretes pela maravilhosa Serra do Mar a bordo de um glamoroso trem da Serra Verde, assistindo as maravilhas da nossa natureza, um passeio incomum, fant\u00e1stico, tamb\u00e9m pelas rodovias BR 277 ou pela lind\u00edssima estrada Parque Serra da Graciosa.<\/p>\n\n\n\n<p>Assessoria<\/p>\n","protected":false},"excerpt":{"rendered":"<p>Uma festa incr\u00edvel onde o povo de Morretes externa toda sua potencialidade como transformador de produtos agricolas, bem como no nosso artesanato. O evento ser\u00e1 realizado do dia 26 de abril ao dia 5 de maio. Est\u00e1 feliz com seu corpo? Precisa emagrecer. Veja essa dica. Os resultados s\u00e3o incr\u00edveis e 100% Garantidos. Fa\u00e7a parte [&hellip;]<\/p>\n","protected":false},"author":2,"featured_media":4272,"comment_status":"open","ping_status":"open","sticky":false,"template":"","format":"standard","meta":{"advanced_seo_description":"","jetpack_seo_html_title":"","jetpack_seo_noindex":false,"_jetpack_memberships_contains_paid_content":false,"footnotes":""},"categories":[42],"tags":[],"class_list":{"0":"post-4271","1":"post","2":"type-post","3":"status-publish","4":"format-standard","5":"has-post-thumbnail","7":"category-cidades"},"jetpack_featured_media_url":"https:\/\/www.paranapraia.com.br\/wp-content\/uploads\/2019\/04\/morro.jpg","jetpack_sharing_enabled":true,"_links":{"self":[{"href":"https:\/\/www.paranapraia.com.br\/index.php\/wp-json\/wp\/v2\/posts\/4271"}],"collection":[{"href":"https:\/\/www.paranapraia.com.br\/index.php\/wp-json\/wp\/v2\/posts"}],"about":[{"href":"https:\/\/www.paranapraia.com.br\/index.php\/wp-json\/wp\/v2\/types\/post"}],"author":[{"embeddable":true,"href":"https:\/\/www.paranapraia.com.br\/index.php\/wp-json\/wp\/v2\/users\/2"}],"replies":[{"embeddable":true,"href":"https:\/\/www.paranapraia.com.br\/index.php\/wp-json\/wp\/v2\/comments?post=4271"}],"version-history":[{"count":4,"href":"https:\/\/www.paranapraia.com.br\/index.php\/wp-json\/wp\/v2\/posts\/4271\/revisions"}],"predecessor-version":[{"id":5148,"href":"https:\/\/www.paranapraia.com.br\/index.php\/wp-json\/wp\/v2\/posts\/4271\/revisions\/5148"}],"wp:featuredmedia":[{"embeddable":true,"href":"https:\/\/www.paranapraia.com.br\/index.php\/wp-json\/wp\/v2\/media\/4272"}],"wp:attachment":[{"href":"https:\/\/www.paranapraia.com.br\/index.php\/wp-json\/wp\/v2\/media?parent=4271"}],"wp:term":[{"taxonomy":"category","embeddable":true,"href":"https:\/\/www.paranapraia.com.br\/index.php\/wp-json\/wp\/v2\/categories?post=4271"},{"taxonomy":"post_tag","embeddable":true,"href":"https:\/\/www.paranapraia.com.br\/index.php\/wp-json\/wp\/v2\/tags?post=4271"}],"curies":[{"name":"wp","href":"https:\/\/api.w.org\/{rel}","templated":true}]}}