{"id":4267,"date":"2019-04-03T09:50:33","date_gmt":"2019-04-03T12:50:33","guid":{"rendered":"https:\/\/www.paranapraia.com.br\/?p=4267"},"modified":"2019-04-03T13:45:57","modified_gmt":"2019-04-03T16:45:57","slug":"alunos-da-rede-municipal-de-ensino-fazem-passeatas-no-dia-mundial-de-conscientizacao-do-autismo","status":"publish","type":"post","link":"https:\/\/www.paranapraia.com.br\/index.php\/2019\/04\/03\/alunos-da-rede-municipal-de-ensino-fazem-passeatas-no-dia-mundial-de-conscientizacao-do-autismo\/","title":{"rendered":"Alunos da Rede Municipal de Ensino fazem passeatas no Dia Mundial de Conscientiza\u00e7\u00e3o do Autismo"},"content":{"rendered":"\n<p> A primeira semana de abril \u00e9 marcada por uma s\u00e9rie de eventos que conscientizam sobre temas relacionados ao Transtorno do Espectro Autista (TEA). Nesta ter\u00e7a-feira, dia 2, data em que \u00e9 celebrado o Dia Mundial de Conscientiza\u00e7\u00e3o do Autismo, os alunos da Escola Municipal Especial \u201cEva Cavani\u201d promoveram uma passeata pelas ruas do centro de Paranagu\u00e1 no per\u00edodo da manh\u00e3.<\/p>\n\n\n\n<p>Saiba mais sobre como conviver com o autismo sindrome que afeta tantas pessoas em nosso pa\u00eds, o amor \u00e9 o principal elemento: <\/p>\n\n\n\n<p>No per\u00edodo da tarde, participaram de nova passeata alunos das Escolas Municipais Sully Vilarinho e Manoel Viana, al\u00e9m do EJA- Educa\u00e7\u00e3o de Jovens e Adultos.<\/p>\n\n\n\n<p>A Banda da Escola Municipal Sully da Rosa Villarinho participou da passeata de conscientiza\u00e7\u00e3o.<\/p>\n\n\n\n<p>O evento, proposto pela Secretaria Municipal de Educa\u00e7\u00e3o e Ensino Integral (Semedi), contou com a participa\u00e7\u00e3o de alunos, pais e respons\u00e1veis, al\u00e9m da equipe da Semedi e de professores e pedagogos que atendem pessoas com TEA nas Escolas.&nbsp;<\/p>\n\n\n\n<p>\u201cDia do Autismo e Escola Eva Cavani\u201d foram palavras proferidas em alto e bom tom por todos os participantes da passeata com o objetivo de chamar a aten\u00e7\u00e3o dos comerciantes, trabalhadores e consumidores que acompanhavam o evento.<\/p>\n\n\n\n<p>A professora Margarete Cunha, que est\u00e1 h\u00e1 15 anos dando aulas na Escola, diz que \u00e9 a primeira vez que ela participa de um movimento como esse com a participa\u00e7\u00e3o dos alunos. Na Escola, cerca de 14 estudantes tem o Transtorno do Espectro Autista e a professora lembra que sempre \u00e9 um desafio. \u201cEles seguem uma rotina e n\u00f3s ajudamos com todo apoio que podemos oferecer\u201d, destacou a professora.<\/p>\n\n\n\n<p>Na Rede Municipal de Educa\u00e7\u00e3o de Paranagu\u00e1 h\u00e1 54 autistas sendo atendidas na Educa\u00e7\u00e3o Fundamental e 13 na Educa\u00e7\u00e3o Infantil.<\/p>\n\n\n\n<p>Encontro<br>Na \u00faltima semana, o prefeito de Paranagu\u00e1, Marcelo Roque recebeu representantes da UFA- Uni\u00e3o de Fam\u00edlias de Autistas. A associa\u00e7\u00e3o tem o objetivo de chamar a aten\u00e7\u00e3o para o assunto e auxiliar os pais, professores e amigos no tratamento com as pessoas com autismo. A presidente da associa\u00e7\u00e3o, Elci Matos do Carmo, explica que o grupo busca parcerias para realizar os projetos futuros. \u201cViemos at\u00e9 o prefeito para apresentar nossa associa\u00e7\u00e3o e falarmos das nossas ideias de conscientiza\u00e7\u00e3o sobre o autismo e a\u00e7\u00f5es para ajudar as fam\u00edlias que passam pelo que n\u00f3s passamos\u201d, declara Elci.&nbsp;<\/p>\n\n\n\n<p>Assessoria<\/p>\n","protected":false},"excerpt":{"rendered":"<p>A primeira semana de abril \u00e9 marcada por uma s\u00e9rie de eventos que conscientizam sobre temas relacionados ao Transtorno do Espectro Autista (TEA). Nesta ter\u00e7a-feira, dia 2, data em que \u00e9 celebrado o Dia Mundial de Conscientiza\u00e7\u00e3o do Autismo, os alunos da Escola Municipal Especial \u201cEva Cavani\u201d promoveram uma passeata pelas ruas do centro de [&hellip;]<\/p>\n","protected":false},"author":2,"featured_media":4268,"comment_status":"open","ping_status":"open","sticky":false,"template":"","format":"standard","meta":{"advanced_seo_description":"","jetpack_seo_html_title":"","jetpack_seo_noindex":false,"_jetpack_memberships_contains_paid_content":false,"footnotes":""},"categories":[42],"tags":[],"class_list":{"0":"post-4267","1":"post","2":"type-post","3":"status-publish","4":"format-standard","5":"has-post-thumbnail","7":"category-cidades"},"jetpack_featured_media_url":"https:\/\/www.paranapraia.com.br\/wp-content\/uploads\/2019\/04\/auii.jpg","jetpack_sharing_enabled":true,"_links":{"self":[{"href":"https:\/\/www.paranapraia.com.br\/index.php\/wp-json\/wp\/v2\/posts\/4267"}],"collection":[{"href":"https:\/\/www.paranapraia.com.br\/index.php\/wp-json\/wp\/v2\/posts"}],"about":[{"href":"https:\/\/www.paranapraia.com.br\/index.php\/wp-json\/wp\/v2\/types\/post"}],"author":[{"embeddable":true,"href":"https:\/\/www.paranapraia.com.br\/index.php\/wp-json\/wp\/v2\/users\/2"}],"replies":[{"embeddable":true,"href":"https:\/\/www.paranapraia.com.br\/index.php\/wp-json\/wp\/v2\/comments?post=4267"}],"version-history":[{"count":2,"href":"https:\/\/www.paranapraia.com.br\/index.php\/wp-json\/wp\/v2\/posts\/4267\/revisions"}],"predecessor-version":[{"id":4328,"href":"https:\/\/www.paranapraia.com.br\/index.php\/wp-json\/wp\/v2\/posts\/4267\/revisions\/4328"}],"wp:featuredmedia":[{"embeddable":true,"href":"https:\/\/www.paranapraia.com.br\/index.php\/wp-json\/wp\/v2\/media\/4268"}],"wp:attachment":[{"href":"https:\/\/www.paranapraia.com.br\/index.php\/wp-json\/wp\/v2\/media?parent=4267"}],"wp:term":[{"taxonomy":"category","embeddable":true,"href":"https:\/\/www.paranapraia.com.br\/index.php\/wp-json\/wp\/v2\/categories?post=4267"},{"taxonomy":"post_tag","embeddable":true,"href":"https:\/\/www.paranapraia.com.br\/index.php\/wp-json\/wp\/v2\/tags?post=4267"}],"curies":[{"name":"wp","href":"https:\/\/api.w.org\/{rel}","templated":true}]}}