{"id":4259,"date":"2019-04-03T09:46:25","date_gmt":"2019-04-03T12:46:25","guid":{"rendered":"https:\/\/www.paranapraia.com.br\/?p=4259"},"modified":"2019-04-03T09:46:26","modified_gmt":"2019-04-03T12:46:26","slug":"prefeito-ruy-entrega-caminhao-0-km-ao-departamento-de-iluminacao-publica","status":"publish","type":"post","link":"https:\/\/www.paranapraia.com.br\/index.php\/2019\/04\/03\/prefeito-ruy-entrega-caminhao-0-km-ao-departamento-de-iluminacao-publica\/","title":{"rendered":"Prefeito Ruy entrega caminh\u00e3o 0 KM ao departamento de Ilumina\u00e7\u00e3o p\u00fablica"},"content":{"rendered":"\n<p>Na manh\u00e3 desta quinta-feira 28\/03, o Prefeito de Matinhos Ruy Hauer Reichert, entregou para a Secretaria Municipal de Obras e Urbanismo Patricia Biff, e ao Diretor do Departamento de Ilumina\u00e7\u00e3o P\u00fablica Ulrich Kempp (Alem\u00e3o da Calha), as chaves de um caminh\u00e3o VW\/17.230 WORKER 4X2 modelo 2019 0 KM equipado com cesto a\u00e9reo, para atender o Departamento de Ilumina\u00e7\u00e3o P\u00fablica.<\/p>\n\n\n\n<p>Um investimento de R$372.500.00 (Trezentos e setenta e dois mil e quinhentos reais). \u00c9 o dinheiro do povo voltando para o povo.<\/p>\n\n\n\n<p>Assessoria<\/p>\n","protected":false},"excerpt":{"rendered":"<p>Na manh\u00e3 desta quinta-feira 28\/03, o Prefeito de Matinhos Ruy Hauer Reichert, entregou para a Secretaria Municipal de Obras e Urbanismo Patricia Biff, e ao Diretor do Departamento de Ilumina\u00e7\u00e3o P\u00fablica Ulrich Kempp (Alem\u00e3o da Calha), as chaves de um caminh\u00e3o VW\/17.230 WORKER 4X2 modelo 2019 0 KM equipado com cesto a\u00e9reo, para atender o [&hellip;]<\/p>\n","protected":false},"author":2,"featured_media":4260,"comment_status":"open","ping_status":"open","sticky":false,"template":"","format":"standard","meta":{"advanced_seo_description":"","jetpack_seo_html_title":"","jetpack_seo_noindex":false,"_jetpack_memberships_contains_paid_content":false,"footnotes":""},"categories":[42],"tags":[],"class_list":{"0":"post-4259","1":"post","2":"type-post","3":"status-publish","4":"format-standard","5":"has-post-thumbnail","7":"category-cidades"},"jetpack_featured_media_url":"https:\/\/www.paranapraia.com.br\/wp-content\/uploads\/2019\/04\/camin.jpg","jetpack_sharing_enabled":true,"_links":{"self":[{"href":"https:\/\/www.paranapraia.com.br\/index.php\/wp-json\/wp\/v2\/posts\/4259"}],"collection":[{"href":"https:\/\/www.paranapraia.com.br\/index.php\/wp-json\/wp\/v2\/posts"}],"about":[{"href":"https:\/\/www.paranapraia.com.br\/index.php\/wp-json\/wp\/v2\/types\/post"}],"author":[{"embeddable":true,"href":"https:\/\/www.paranapraia.com.br\/index.php\/wp-json\/wp\/v2\/users\/2"}],"replies":[{"embeddable":true,"href":"https:\/\/www.paranapraia.com.br\/index.php\/wp-json\/wp\/v2\/comments?post=4259"}],"version-history":[{"count":1,"href":"https:\/\/www.paranapraia.com.br\/index.php\/wp-json\/wp\/v2\/posts\/4259\/revisions"}],"predecessor-version":[{"id":4261,"href":"https:\/\/www.paranapraia.com.br\/index.php\/wp-json\/wp\/v2\/posts\/4259\/revisions\/4261"}],"wp:featuredmedia":[{"embeddable":true,"href":"https:\/\/www.paranapraia.com.br\/index.php\/wp-json\/wp\/v2\/media\/4260"}],"wp:attachment":[{"href":"https:\/\/www.paranapraia.com.br\/index.php\/wp-json\/wp\/v2\/media?parent=4259"}],"wp:term":[{"taxonomy":"category","embeddable":true,"href":"https:\/\/www.paranapraia.com.br\/index.php\/wp-json\/wp\/v2\/categories?post=4259"},{"taxonomy":"post_tag","embeddable":true,"href":"https:\/\/www.paranapraia.com.br\/index.php\/wp-json\/wp\/v2\/tags?post=4259"}],"curies":[{"name":"wp","href":"https:\/\/api.w.org\/{rel}","templated":true}]}}