{"id":42585,"date":"2023-01-16T19:01:41","date_gmt":"2023-01-16T22:01:41","guid":{"rendered":"https:\/\/www.paranapraia.com.br\/?p=42585"},"modified":"2023-01-16T19:01:41","modified_gmt":"2023-01-16T22:01:41","slug":"medico-anestesista-acusado-de-estuprar-pacientes-durante-cirurgias-e-preso-no-rj","status":"publish","type":"post","link":"https:\/\/www.paranapraia.com.br\/index.php\/2023\/01\/16\/medico-anestesista-acusado-de-estuprar-pacientes-durante-cirurgias-e-preso-no-rj\/","title":{"rendered":"M\u00e9dico anestesista acusado de estuprar pacientes durante cirurgias \u00e9 preso no RJ"},"content":{"rendered":"\n<p>A Pol\u00edcia Civil do\u00a0Rio de Janeiro\u00a0prendeu, nesta segunda-feira (16), mais um m\u00e9dico anestesista acusado de estuprar pacientes durante cirurgias. O homem, de nacionalidade colombiana, foi preso em sua resid\u00eancia na Barra da Tijuca, zona oeste da capital fluminense.<\/p>\n\n\n\n<p>Segundo o delegado do caso, o colombiano era investigado pelo armazenamento de pornografia infantil. A pol\u00edcia informou que ele acumulava mais de 20 mil arquivos contendo imagens de\u00a0abuso sexual\u00a0envolvendo crian\u00e7as e adolescentes em seus dispositivos eletr\u00f4nicos. <\/p>\n\n\n\n<p>O anestesista \u00e9 acusado de estuprar pacientes em hospitais das redes p\u00fablica e particular. A pol\u00edcia espera localizar as v\u00edtimas, e os materiais apreendidos ser\u00e3o analisados.<\/p>\n\n\n\n<p>\u00a0Em nota, a Secretaria de Sa\u00fade do Rio de Janeiro afirmou que a dire\u00e7\u00e3o do Hospital Estadual dos Lagos Nossa Senhora Nazareth colaborou com a Pol\u00edcia Civil na investiga\u00e7\u00e3o do m\u00e9dico anestesista, que deixou de atuar na unidade em setembro de 2021.<\/p>\n\n\n\n<p>Em julho do ano passado, o tamb\u00e9m m\u00e9dico anestesista Giovanni Quintella Bezerra, de 31 anos, foi preso em flagrante ap\u00f3s ter sido filmado estuprando uma paciente durante cirurgia de parto no Hospital Estadual da Mulher Heloneida Studart, em S\u00e3o Jo\u00e3o do Meriti, na Baixada Fluminense.<\/p>\n\n\n\n<p>Integrantes da equipe m\u00e9dica registraram o momento em que Bezerra passou o p\u00eanis no rosto da paciente enquanto ela estava sedada e deitada em uma maca. As imagens mostram ainda que o m\u00e9dico introduziu sua genit\u00e1lia na boca da parturiente no decorrer da cirurgia.<\/p>\n\n\n\n<p>A Lei Federal 11.108\/2005, conhecida como Lei do Acompanhante, garante \u00e0s parturientes o direito \u00e0 presen\u00e7a de acompanhante durante o trabalho de parto, o parto e o p\u00f3s-parto imediato nos servi\u00e7os de sa\u00fade do Sistema \u00danico de Sa\u00fade (SUS), seja da rede pr\u00f3pria ou conveniada.<\/p>\n\n\n\n<p>A lei \u00e9 v\u00e1lida tanto para parto normal quanto para cesariana, e a presen\u00e7a do acompanhante n\u00e3o pode ser impedida pelo hospital, m\u00e9dicos, enfermeiros ou qualquer outro membro da equipe de sa\u00fade.<\/p>\n\n\n\n<p>Foto: Fabiano Rocha\/Ag\u00eancia O Globo<\/p>\n\n\n\n<p>CNN <\/p>\n","protected":false},"excerpt":{"rendered":"<p>A Pol\u00edcia Civil do\u00a0Rio de Janeiro\u00a0prendeu, nesta segunda-feira (16), mais um m\u00e9dico anestesista acusado de estuprar pacientes durante cirurgias. O homem, de nacionalidade colombiana, foi preso em sua resid\u00eancia na Barra da Tijuca, zona oeste da capital fluminense. Segundo o delegado do caso, o colombiano era investigado pelo armazenamento de pornografia infantil. A pol\u00edcia informou [&hellip;]<\/p>\n","protected":false},"author":2,"featured_media":42586,"comment_status":"open","ping_status":"open","sticky":false,"template":"","format":"standard","meta":{"advanced_seo_description":"","jetpack_seo_html_title":"","jetpack_seo_noindex":false,"_jetpack_memberships_contains_paid_content":false,"footnotes":""},"categories":[33],"tags":[],"class_list":{"0":"post-42585","1":"post","2":"type-post","3":"status-publish","4":"format-standard","5":"has-post-thumbnail","7":"category-policia"},"jetpack_featured_media_url":"https:\/\/www.paranapraia.com.br\/wp-content\/uploads\/2023\/01\/NXQLVDJU4BEW7H4E4UVPRCGT7A.jpg","jetpack_sharing_enabled":true,"_links":{"self":[{"href":"https:\/\/www.paranapraia.com.br\/index.php\/wp-json\/wp\/v2\/posts\/42585"}],"collection":[{"href":"https:\/\/www.paranapraia.com.br\/index.php\/wp-json\/wp\/v2\/posts"}],"about":[{"href":"https:\/\/www.paranapraia.com.br\/index.php\/wp-json\/wp\/v2\/types\/post"}],"author":[{"embeddable":true,"href":"https:\/\/www.paranapraia.com.br\/index.php\/wp-json\/wp\/v2\/users\/2"}],"replies":[{"embeddable":true,"href":"https:\/\/www.paranapraia.com.br\/index.php\/wp-json\/wp\/v2\/comments?post=42585"}],"version-history":[{"count":1,"href":"https:\/\/www.paranapraia.com.br\/index.php\/wp-json\/wp\/v2\/posts\/42585\/revisions"}],"predecessor-version":[{"id":42587,"href":"https:\/\/www.paranapraia.com.br\/index.php\/wp-json\/wp\/v2\/posts\/42585\/revisions\/42587"}],"wp:featuredmedia":[{"embeddable":true,"href":"https:\/\/www.paranapraia.com.br\/index.php\/wp-json\/wp\/v2\/media\/42586"}],"wp:attachment":[{"href":"https:\/\/www.paranapraia.com.br\/index.php\/wp-json\/wp\/v2\/media?parent=42585"}],"wp:term":[{"taxonomy":"category","embeddable":true,"href":"https:\/\/www.paranapraia.com.br\/index.php\/wp-json\/wp\/v2\/categories?post=42585"},{"taxonomy":"post_tag","embeddable":true,"href":"https:\/\/www.paranapraia.com.br\/index.php\/wp-json\/wp\/v2\/tags?post=42585"}],"curies":[{"name":"wp","href":"https:\/\/api.w.org\/{rel}","templated":true}]}}