{"id":42575,"date":"2023-01-16T18:35:53","date_gmt":"2023-01-16T21:35:53","guid":{"rendered":"https:\/\/www.paranapraia.com.br\/?p=42575"},"modified":"2023-01-16T18:35:53","modified_gmt":"2023-01-16T21:35:53","slug":"artista-com-lacos-em-matinhos-expoe-seu-trabalho-na-prefeitura-antes-de-ir-a-paris","status":"publish","type":"post","link":"https:\/\/www.paranapraia.com.br\/index.php\/2023\/01\/16\/artista-com-lacos-em-matinhos-expoe-seu-trabalho-na-prefeitura-antes-de-ir-a-paris\/","title":{"rendered":"Artista com la\u00e7os em Matinhos exp\u00f5e seu trabalho na Prefeitura antes de ir \u00e0 Paris"},"content":{"rendered":"\n<p>Acontece na Prefeitura nesta segunda (16) e ter\u00e7a-feira (17) a exposi\u00e7\u00e3o Sobre Novos Horizontes, da artista pl\u00e1stica Natalia Kr\u00fcger. Na exposi\u00e7\u00e3o, s\u00e3o exibidos alguns dos trabalhos de Natalia, que em outubro embarca para Paris, onde ir\u00e1 expor seus quadros no museu do Louvre.<\/p>\n\n\n\n<p>\u201cFui selecionada ano passado e estou fazendo a organiza\u00e7\u00e3o para ir \u00e0 Fran\u00e7a. Estou fazendo a divulga\u00e7\u00e3o aqui em Matinhos para que as pessoas possam conhecer o meu trabalho e saber que est\u00e1 sendo levado para fora do pa\u00eds\u201d, disse ela, que \u00e9 filha de dois servidores da Secretaria Municipal de Educa\u00e7\u00e3o.<\/p>\n\n\n\n<p>\u201cSou matinhense por ado\u00e7\u00e3o. Estudei na cidade e trabalho aqui tamb\u00e9m. Meus pais s\u00e3o servidores. Meu pai, Rodolfo, \u00e9 motorista. E minha m\u00e3e, Marisa, era professora e agora \u00e9 supervisora\u201d, explicou Natalia.<\/p>\n\n\n\n<p>A exposi\u00e7\u00e3o Novos Horizontes estar\u00e1 no Pa\u00e7o Municipal nesta segunda e ter\u00e7a, das 8 \u00e0s 17 horas. O endere\u00e7o \u00e9 Rua Pastor El\u00edas Abra\u00e3o, n.\u00ba 22, no Centro. Quem quiser conhecer mais sobre o trabalho de Natalia, pode acessar a sua p\u00e1gina:\u00a0<a href=\"https:\/\/www.instagram.com\/nkruger_art\/\">Natalia Kr\u00fcger (@nkruger_art)<\/a><\/p>\n\n\n\n<figure class=\"wp-block-gallery columns-1 is-cropped wp-block-gallery-1 is-layout-flex wp-block-gallery-is-layout-flex\"><ul class=\"blocks-gallery-grid\"><li class=\"blocks-gallery-item\"><figure><img loading=\"lazy\" decoding=\"async\" width=\"600\" height=\"450\" src=\"https:\/\/www.paranapraia.com.br\/wp-content\/uploads\/2023\/01\/DSCN6795_JPG.jpg\" alt=\"\" data-id=\"42580\" data-full-url=\"https:\/\/www.paranapraia.com.br\/wp-content\/uploads\/2023\/01\/DSCN6795_JPG.jpg\" data-link=\"https:\/\/www.paranapraia.com.br\/?attachment_id=42580\" class=\"wp-image-42580\" srcset=\"https:\/\/www.paranapraia.com.br\/wp-content\/uploads\/2023\/01\/DSCN6795_JPG.jpg 600w, https:\/\/www.paranapraia.com.br\/wp-content\/uploads\/2023\/01\/DSCN6795_JPG-300x225.jpg 300w, https:\/\/www.paranapraia.com.br\/wp-content\/uploads\/2023\/01\/DSCN6795_JPG-80x60.jpg 80w, https:\/\/www.paranapraia.com.br\/wp-content\/uploads\/2023\/01\/DSCN6795_JPG-265x198.jpg 265w, https:\/\/www.paranapraia.com.br\/wp-content\/uploads\/2023\/01\/DSCN6795_JPG-560x420.jpg 560w\" sizes=\"(max-width: 600px) 100vw, 600px\" \/><\/figure><\/li><li class=\"blocks-gallery-item\"><figure><img loading=\"lazy\" decoding=\"async\" width=\"600\" height=\"450\" src=\"https:\/\/www.paranapraia.com.br\/wp-content\/uploads\/2023\/01\/DSCN6793_JPG.jpg\" alt=\"\" data-id=\"42581\" data-full-url=\"https:\/\/www.paranapraia.com.br\/wp-content\/uploads\/2023\/01\/DSCN6793_JPG.jpg\" data-link=\"https:\/\/www.paranapraia.com.br\/?attachment_id=42581\" class=\"wp-image-42581\" srcset=\"https:\/\/www.paranapraia.com.br\/wp-content\/uploads\/2023\/01\/DSCN6793_JPG.jpg 600w, https:\/\/www.paranapraia.com.br\/wp-content\/uploads\/2023\/01\/DSCN6793_JPG-300x225.jpg 300w, https:\/\/www.paranapraia.com.br\/wp-content\/uploads\/2023\/01\/DSCN6793_JPG-80x60.jpg 80w, https:\/\/www.paranapraia.com.br\/wp-content\/uploads\/2023\/01\/DSCN6793_JPG-265x198.jpg 265w, https:\/\/www.paranapraia.com.br\/wp-content\/uploads\/2023\/01\/DSCN6793_JPG-560x420.jpg 560w\" sizes=\"(max-width: 600px) 100vw, 600px\" \/><\/figure><\/li><li class=\"blocks-gallery-item\"><figure><img loading=\"lazy\" decoding=\"async\" width=\"600\" height=\"450\" src=\"https:\/\/www.paranapraia.com.br\/wp-content\/uploads\/2023\/01\/DSCN6792_JPG.jpg\" alt=\"\" data-id=\"42582\" data-full-url=\"https:\/\/www.paranapraia.com.br\/wp-content\/uploads\/2023\/01\/DSCN6792_JPG.jpg\" data-link=\"https:\/\/www.paranapraia.com.br\/?attachment_id=42582\" class=\"wp-image-42582\" srcset=\"https:\/\/www.paranapraia.com.br\/wp-content\/uploads\/2023\/01\/DSCN6792_JPG.jpg 600w, https:\/\/www.paranapraia.com.br\/wp-content\/uploads\/2023\/01\/DSCN6792_JPG-300x225.jpg 300w, https:\/\/www.paranapraia.com.br\/wp-content\/uploads\/2023\/01\/DSCN6792_JPG-80x60.jpg 80w, https:\/\/www.paranapraia.com.br\/wp-content\/uploads\/2023\/01\/DSCN6792_JPG-265x198.jpg 265w, https:\/\/www.paranapraia.com.br\/wp-content\/uploads\/2023\/01\/DSCN6792_JPG-560x420.jpg 560w\" sizes=\"(max-width: 600px) 100vw, 600px\" \/><\/figure><\/li><li class=\"blocks-gallery-item\"><figure><img loading=\"lazy\" decoding=\"async\" width=\"600\" height=\"450\" src=\"https:\/\/www.paranapraia.com.br\/wp-content\/uploads\/2023\/01\/DSCN6791_JPG-1.jpg\" alt=\"\" data-id=\"42583\" data-full-url=\"https:\/\/www.paranapraia.com.br\/wp-content\/uploads\/2023\/01\/DSCN6791_JPG-1.jpg\" data-link=\"https:\/\/www.paranapraia.com.br\/?attachment_id=42583\" class=\"wp-image-42583\" srcset=\"https:\/\/www.paranapraia.com.br\/wp-content\/uploads\/2023\/01\/DSCN6791_JPG-1.jpg 600w, https:\/\/www.paranapraia.com.br\/wp-content\/uploads\/2023\/01\/DSCN6791_JPG-1-300x225.jpg 300w, https:\/\/www.paranapraia.com.br\/wp-content\/uploads\/2023\/01\/DSCN6791_JPG-1-80x60.jpg 80w, https:\/\/www.paranapraia.com.br\/wp-content\/uploads\/2023\/01\/DSCN6791_JPG-1-265x198.jpg 265w, https:\/\/www.paranapraia.com.br\/wp-content\/uploads\/2023\/01\/DSCN6791_JPG-1-560x420.jpg 560w\" sizes=\"(max-width: 600px) 100vw, 600px\" \/><\/figure><\/li><\/ul><\/figure>\n\n\n\n<p>Departamento de Comunica\u00e7\u00e3o<br>Prefeitura de Matinhos<\/p>\n","protected":false},"excerpt":{"rendered":"<p>Acontece na Prefeitura nesta segunda (16) e ter\u00e7a-feira (17) a exposi\u00e7\u00e3o Sobre Novos Horizontes, da artista pl\u00e1stica Natalia Kr\u00fcger. Na exposi\u00e7\u00e3o, s\u00e3o exibidos alguns dos trabalhos de Natalia, que em outubro embarca para Paris, onde ir\u00e1 expor seus quadros no museu do Louvre. \u201cFui selecionada ano passado e estou fazendo a organiza\u00e7\u00e3o para ir \u00e0 [&hellip;]<\/p>\n","protected":false},"author":2,"featured_media":42576,"comment_status":"open","ping_status":"open","sticky":false,"template":"","format":"standard","meta":{"advanced_seo_description":"","jetpack_seo_html_title":"","jetpack_seo_noindex":false,"_jetpack_memberships_contains_paid_content":false,"footnotes":""},"categories":[40],"tags":[],"class_list":{"0":"post-42575","1":"post","2":"type-post","3":"status-publish","4":"format-standard","5":"has-post-thumbnail","7":"category-destaques"},"jetpack_featured_media_url":"https:\/\/www.paranapraia.com.br\/wp-content\/uploads\/2023\/01\/DSCN6790_JPG.jpg","jetpack_sharing_enabled":true,"_links":{"self":[{"href":"https:\/\/www.paranapraia.com.br\/index.php\/wp-json\/wp\/v2\/posts\/42575"}],"collection":[{"href":"https:\/\/www.paranapraia.com.br\/index.php\/wp-json\/wp\/v2\/posts"}],"about":[{"href":"https:\/\/www.paranapraia.com.br\/index.php\/wp-json\/wp\/v2\/types\/post"}],"author":[{"embeddable":true,"href":"https:\/\/www.paranapraia.com.br\/index.php\/wp-json\/wp\/v2\/users\/2"}],"replies":[{"embeddable":true,"href":"https:\/\/www.paranapraia.com.br\/index.php\/wp-json\/wp\/v2\/comments?post=42575"}],"version-history":[{"count":1,"href":"https:\/\/www.paranapraia.com.br\/index.php\/wp-json\/wp\/v2\/posts\/42575\/revisions"}],"predecessor-version":[{"id":42584,"href":"https:\/\/www.paranapraia.com.br\/index.php\/wp-json\/wp\/v2\/posts\/42575\/revisions\/42584"}],"wp:featuredmedia":[{"embeddable":true,"href":"https:\/\/www.paranapraia.com.br\/index.php\/wp-json\/wp\/v2\/media\/42576"}],"wp:attachment":[{"href":"https:\/\/www.paranapraia.com.br\/index.php\/wp-json\/wp\/v2\/media?parent=42575"}],"wp:term":[{"taxonomy":"category","embeddable":true,"href":"https:\/\/www.paranapraia.com.br\/index.php\/wp-json\/wp\/v2\/categories?post=42575"},{"taxonomy":"post_tag","embeddable":true,"href":"https:\/\/www.paranapraia.com.br\/index.php\/wp-json\/wp\/v2\/tags?post=42575"}],"curies":[{"name":"wp","href":"https:\/\/api.w.org\/{rel}","templated":true}]}}