{"id":42561,"date":"2023-01-16T15:33:29","date_gmt":"2023-01-16T18:33:29","guid":{"rendered":"https:\/\/www.paranapraia.com.br\/?p=42561"},"modified":"2023-01-16T15:35:32","modified_gmt":"2023-01-16T18:35:32","slug":"42561","status":"publish","type":"post","link":"https:\/\/www.paranapraia.com.br\/index.php\/2023\/01\/16\/42561\/","title":{"rendered":"Cinema na Pra\u00e7a passar\u00e1 por quatro balne\u00e1rios de Pontal do Paran\u00e1 nesta semana"},"content":{"rendered":"\n<p>Por meio de um caminh\u00e3o adaptado com uma tela de cinema, o projeto \u00e9 instalado em locais p\u00fablicos, de f\u00e1cil acesso. Cerca de 400 cadeiras completam a estrutura para o p\u00fablico.<\/p>\n\n\n\n<p>Parte da programa\u00e7\u00e3o do Ver\u00e3o Maior Paran\u00e1, o Cinema na Pra\u00e7a, projeto do Governo do Estado, est\u00e1 animando grandes plateias no Litoral. Nesta semana ele vai passar por quatro balne\u00e1rios de Pontal do Paran\u00e1, de quinta a domingo (19 a 21) e, por causa da extens\u00e3o do munic\u00edpio, est\u00e3o previstas sess\u00f5es em outros quatro pontos de Pontal, na pr\u00f3xima semana. Confira a programa\u00e7\u00e3o completa&nbsp;<strong><a href=\"https:\/\/www.verao.pr.gov.br\/Pagina\/Cinema-na-Praia\" target=\"_blank\" rel=\"noreferrer noopener\">AQUI<\/a><\/strong>.<\/p>\n\n\n\n<p>Por meio de um caminh\u00e3o equipado com uma tela de cinema, pensado especialmente para o projeto, o Cinema na Pra\u00e7a \u00e9 instalado em locais p\u00fablicos, de f\u00e1cil acesso. Cerca de 400 cadeiras completam a estrutura para o p\u00fablico.<\/p>\n\n\n\n<p>O objetivo \u00e9 levar o entretenimento do cinema e proporcionar o acesso \u00e0 cultura de forma gratuita para espectadores de munic\u00edpios do Interior do Estado que n\u00e3o possuem salas de exibi\u00e7\u00e3o. No ver\u00e3o, com o nome de Cinema na Praia, \u00e9 uma op\u00e7\u00e3o de divers\u00e3o extra para moradores e visitantes das cidades litor\u00e2neas.<\/p>\n\n\n\n<p>Dois filmes foram selecionados para a temporada do Cinema na Pra\u00e7a no Litoral: &#8220;O Poderoso Chefinho 2 \u2013 Neg\u00f3cios da Fam\u00edlia&#8221;, e &#8220;Os Croods 2 \u2013 Uma Nova Era&#8221;. As sess\u00f5es acontecem sempre \u00e0s 19h e 21h e est\u00e3o sujeitas a cancelamentos devido \u00e0s condi\u00e7\u00f5es clim\u00e1ticas. <\/p>\n\n\n\n<p>As pel\u00edculas s\u00e3o concedidas pela Motion Picture Association of America \u2013 associa\u00e7\u00e3o comercial americana que representa os principais est\u00fadios cinematogr\u00e1ficos de Hollywood. A programa\u00e7\u00e3o conta com acessibilidade, disponibilizando as primeiras fileiras para pessoas com defici\u00eancia, idosos e gestantes. <\/p>\n\n\n\n<p>Todos os filmes t\u00eam classifica\u00e7\u00e3o livre para que todas as fam\u00edlias tenham acesso \u00e0 programa\u00e7\u00e3o.As sess\u00f5es gratuitas ser\u00e3o realizadas at\u00e9 12 de fevereiro de 2023. Nesta temporada, o projeto j\u00e1 passou por Guaratuba e Matinhos e, depois de Pontal do Paran\u00e1, segue para Paranagu\u00e1, Morretes e Antonina, retornando para a semana final em Matinhos.<\/p>\n\n\n\n<p>SOBRE O PROJETO \u2013 O projeto Cinema na Pra\u00e7a \u00e9 do Governo do Estado do Paran\u00e1, executado pela Secretaria de Estado da Cultura e Casa Civil \u2013 Governadoria. Nas duas edi\u00e7\u00f5es \u2013 em 2019 e 2022 \u2013, contou com a parceria da montadora Renault do Brasil. Ele est\u00e1 previsto no Plano de Governo, dentro da linha de Fortalecimento de Pol\u00edticas P\u00fablicas de Cultura.<\/p>\n\n\n\n<p>VER\u00c3O MAIOR PARAN\u00c1 \u2013 O Ver\u00e3o Maior Paran\u00e1 tem a\u00e7\u00f5es voltadas aos veranistas e comunidade local, com atividades esportivas e de lazer, aulas de gin\u00e1stica, dan\u00e7a, caminhadas, recrea\u00e7\u00e3o infantil, torneios e eventos esportivos, al\u00e9m de uma s\u00e9rie de outras pr\u00e1ticas relacionadas ao entretenimento. Acesse o site www.verao.pr.gov.br e confira a programa\u00e7\u00e3o completa das atra\u00e7\u00f5es promovidas pelo Governo do Estado. <\/p>\n\n\n\n<p>As a\u00e7\u00f5es s\u00e3o realizadas nos munic\u00edpios do Litoral, al\u00e9m de Porto Rico e S\u00e3o Pedro do Paran\u00e1, no Noroeste do Paran\u00e1.<\/p>\n\n\n\n<p>Servi\u00e7o:<\/p>\n\n\n\n<p>Cinema na Pra\u00e7a \u2013 Pontal do Paran\u00e119\/01 \u2013 Av. Paran\u00e1, 166 \u2013 Cal\u00e7ad\u00e3o do Balne\u00e1rio Santa Terezinha20\/01 \u2013 Pra\u00e7a Caetano Munhoz da Rocha \u2013 Balne\u00e1rio de Ipanema21\/01 \u2013 Rua dos Eucaliptos s\/n\u00ba \u2013 Balne\u00e1rio Pontal do Sul Em frente \u00e0 C\u00e2mara Municipal de Pontal do Paran\u00e122\/01 \u2013 Av. Dep. An\u00edbal Khury, 2947 \u2013 Balne\u00e1rio Praia de Leste <\/p>\n\n\n\n<p>AEN<\/p>\n\n\n\n<p><\/p>\n","protected":false},"excerpt":{"rendered":"<p>Por meio de um caminh\u00e3o adaptado com uma tela de cinema, o projeto \u00e9 instalado em locais p\u00fablicos, de f\u00e1cil acesso. Cerca de 400 cadeiras completam a estrutura para o p\u00fablico. Parte da programa\u00e7\u00e3o do Ver\u00e3o Maior Paran\u00e1, o Cinema na Pra\u00e7a, projeto do Governo do Estado, est\u00e1 animando grandes plateias no Litoral. Nesta semana [&hellip;]<\/p>\n","protected":false},"author":2,"featured_media":42564,"comment_status":"open","ping_status":"open","sticky":false,"template":"","format":"standard","meta":{"advanced_seo_description":"","jetpack_seo_html_title":"","jetpack_seo_noindex":false,"_jetpack_memberships_contains_paid_content":false,"footnotes":""},"categories":[40],"tags":[],"class_list":{"0":"post-42561","1":"post","2":"type-post","3":"status-publish","4":"format-standard","5":"has-post-thumbnail","7":"category-destaques"},"jetpack_featured_media_url":"https:\/\/www.paranapraia.com.br\/wp-content\/uploads\/2023\/01\/cinema_na_praca-guaratuba-05-01-23_30_1_0-scaled.jpg","jetpack_sharing_enabled":true,"_links":{"self":[{"href":"https:\/\/www.paranapraia.com.br\/index.php\/wp-json\/wp\/v2\/posts\/42561"}],"collection":[{"href":"https:\/\/www.paranapraia.com.br\/index.php\/wp-json\/wp\/v2\/posts"}],"about":[{"href":"https:\/\/www.paranapraia.com.br\/index.php\/wp-json\/wp\/v2\/types\/post"}],"author":[{"embeddable":true,"href":"https:\/\/www.paranapraia.com.br\/index.php\/wp-json\/wp\/v2\/users\/2"}],"replies":[{"embeddable":true,"href":"https:\/\/www.paranapraia.com.br\/index.php\/wp-json\/wp\/v2\/comments?post=42561"}],"version-history":[{"count":2,"href":"https:\/\/www.paranapraia.com.br\/index.php\/wp-json\/wp\/v2\/posts\/42561\/revisions"}],"predecessor-version":[{"id":42566,"href":"https:\/\/www.paranapraia.com.br\/index.php\/wp-json\/wp\/v2\/posts\/42561\/revisions\/42566"}],"wp:featuredmedia":[{"embeddable":true,"href":"https:\/\/www.paranapraia.com.br\/index.php\/wp-json\/wp\/v2\/media\/42564"}],"wp:attachment":[{"href":"https:\/\/www.paranapraia.com.br\/index.php\/wp-json\/wp\/v2\/media?parent=42561"}],"wp:term":[{"taxonomy":"category","embeddable":true,"href":"https:\/\/www.paranapraia.com.br\/index.php\/wp-json\/wp\/v2\/categories?post=42561"},{"taxonomy":"post_tag","embeddable":true,"href":"https:\/\/www.paranapraia.com.br\/index.php\/wp-json\/wp\/v2\/tags?post=42561"}],"curies":[{"name":"wp","href":"https:\/\/api.w.org\/{rel}","templated":true}]}}