{"id":4255,"date":"2019-04-03T09:44:47","date_gmt":"2019-04-03T12:44:47","guid":{"rendered":"https:\/\/www.paranapraia.com.br\/?p=4255"},"modified":"2019-04-03T09:44:48","modified_gmt":"2019-04-03T12:44:48","slug":"saude-de-matinhos-recebe-dois-onibus-0km","status":"publish","type":"post","link":"https:\/\/www.paranapraia.com.br\/index.php\/2019\/04\/03\/saude-de-matinhos-recebe-dois-onibus-0km\/","title":{"rendered":"Sa\u00fade de Matinhos recebe dois \u00f4nibus 0Km"},"content":{"rendered":"\n<p>Na tarde desta ter\u00e7a-feira 02\/04, o Prefeito de Matinhos Ruy Hauer Reichert, entregou para o Secretario Municipal de Sa\u00fade, Claudir Louren\u00e7o as chaves de dois \u00f4nibus 0 KM, um Marcopolo Volare W9C ON ano\/modelo2019 e um Marcopolo Volare V8L MO ano\/modelo2019.<\/p>\n\n\n\n<p>\u00d4nibus com banheiro, ar condicionado, acessibilidade com elevador hidr\u00e1ulico para cadeirantes e obesos e todo conforto que os pacientes usu\u00e1rios deste transporte merecem.<\/p>\n\n\n\n<p>Os novos \u00f4nibus v\u00e3o se somar aos demais para transporte de pacientes que fazem tratamento na capital e regi\u00e3o. \u00c9 o dinheiro do povo voltando para o povo.<\/p>\n\n\n\n<p>Assessoria<\/p>\n","protected":false},"excerpt":{"rendered":"<p>Na tarde desta ter\u00e7a-feira 02\/04, o Prefeito de Matinhos Ruy Hauer Reichert, entregou para o Secretario Municipal de Sa\u00fade, Claudir Louren\u00e7o as chaves de dois \u00f4nibus 0 KM, um Marcopolo Volare W9C ON ano\/modelo2019 e um Marcopolo Volare V8L MO ano\/modelo2019. \u00d4nibus com banheiro, ar condicionado, acessibilidade com elevador hidr\u00e1ulico para cadeirantes e obesos e [&hellip;]<\/p>\n","protected":false},"author":2,"featured_media":4256,"comment_status":"open","ping_status":"open","sticky":false,"template":"","format":"standard","meta":{"advanced_seo_description":"","jetpack_seo_html_title":"","jetpack_seo_noindex":false,"_jetpack_memberships_contains_paid_content":false,"footnotes":""},"categories":[42],"tags":[],"class_list":{"0":"post-4255","1":"post","2":"type-post","3":"status-publish","4":"format-standard","5":"has-post-thumbnail","7":"category-cidades"},"jetpack_featured_media_url":"https:\/\/www.paranapraia.com.br\/wp-content\/uploads\/2019\/04\/bus.jpg","jetpack_sharing_enabled":true,"_links":{"self":[{"href":"https:\/\/www.paranapraia.com.br\/index.php\/wp-json\/wp\/v2\/posts\/4255"}],"collection":[{"href":"https:\/\/www.paranapraia.com.br\/index.php\/wp-json\/wp\/v2\/posts"}],"about":[{"href":"https:\/\/www.paranapraia.com.br\/index.php\/wp-json\/wp\/v2\/types\/post"}],"author":[{"embeddable":true,"href":"https:\/\/www.paranapraia.com.br\/index.php\/wp-json\/wp\/v2\/users\/2"}],"replies":[{"embeddable":true,"href":"https:\/\/www.paranapraia.com.br\/index.php\/wp-json\/wp\/v2\/comments?post=4255"}],"version-history":[{"count":1,"href":"https:\/\/www.paranapraia.com.br\/index.php\/wp-json\/wp\/v2\/posts\/4255\/revisions"}],"predecessor-version":[{"id":4257,"href":"https:\/\/www.paranapraia.com.br\/index.php\/wp-json\/wp\/v2\/posts\/4255\/revisions\/4257"}],"wp:featuredmedia":[{"embeddable":true,"href":"https:\/\/www.paranapraia.com.br\/index.php\/wp-json\/wp\/v2\/media\/4256"}],"wp:attachment":[{"href":"https:\/\/www.paranapraia.com.br\/index.php\/wp-json\/wp\/v2\/media?parent=4255"}],"wp:term":[{"taxonomy":"category","embeddable":true,"href":"https:\/\/www.paranapraia.com.br\/index.php\/wp-json\/wp\/v2\/categories?post=4255"},{"taxonomy":"post_tag","embeddable":true,"href":"https:\/\/www.paranapraia.com.br\/index.php\/wp-json\/wp\/v2\/tags?post=4255"}],"curies":[{"name":"wp","href":"https:\/\/api.w.org\/{rel}","templated":true}]}}