{"id":4231,"date":"2019-04-03T09:31:38","date_gmt":"2019-04-03T12:31:38","guid":{"rendered":"https:\/\/www.paranapraia.com.br\/?p=4231"},"modified":"2019-04-03T09:31:39","modified_gmt":"2019-04-03T12:31:39","slug":"um-morto-e-um-ferido-em-confronto-com-a-policia-dupla-estava-com-carro-roubado","status":"publish","type":"post","link":"https:\/\/www.paranapraia.com.br\/index.php\/2019\/04\/03\/um-morto-e-um-ferido-em-confronto-com-a-policia-dupla-estava-com-carro-roubado\/","title":{"rendered":"Um morto e um ferido em confronto com a pol\u00edcia; dupla estava com carro roubado"},"content":{"rendered":"\n<p>Um confronto entre suspeitos com um ve\u00edculo roubado e a Pol\u00edcia Militar em Almirante Tamandar\u00e9, na madrugada desta quarta-feira (3), deixou um morto e um ferido. De acordo com as informa\u00e7\u00f5es da Sala de Imprensa da Pol\u00edcia Militar, uma equipe policial seguia em patrulhamento quando avistou um Renault Megane com alerta de roubo e suspeito de estar sendo usado em roubos em Curitiba e Tamandar\u00e9.<\/p>\n\n\n\n<p>Dois rapazes estavam no ve\u00edculo e empreenderam fuga ao avistar a pol\u00edcia, que fez um acompanhamento t\u00e1tico aos suspeitos, que bateram o ve\u00edculo e entraram em um matagal nas proximidades da Rodovia do Calc\u00e1rio, onde aconteceu o confronto.<\/p>\n\n\n\n<p>Um rapaz de 24 anos morreu no local. O corpo foi recolhido ao Instituto M\u00e9dico legal (IML). O outro suspeito, de 23 anos, ficou ferido, foi socorrido pelo Siate e encaminhado a uma casa hospitalar. Um dos rapazes j\u00e1 tinha passagens por roubo.<\/p>\n\n\n\n<p>Ainda de acordo com a pol\u00edcia, o Megane havia sido roubado em Curitiba horas antes. A dupla teria feito pelo menos outros tr\u00eas roubos antes de encontrar com a equipe policial.<\/p>\n\n\n\n<p>Massa News<\/p>\n","protected":false},"excerpt":{"rendered":"<p>Um confronto entre suspeitos com um ve\u00edculo roubado e a Pol\u00edcia Militar em Almirante Tamandar\u00e9, na madrugada desta quarta-feira (3), deixou um morto e um ferido. De acordo com as informa\u00e7\u00f5es da Sala de Imprensa da Pol\u00edcia Militar, uma equipe policial seguia em patrulhamento quando avistou um Renault Megane com alerta de roubo e suspeito [&hellip;]<\/p>\n","protected":false},"author":2,"featured_media":4232,"comment_status":"open","ping_status":"open","sticky":false,"template":"","format":"standard","meta":{"advanced_seo_description":"","jetpack_seo_html_title":"","jetpack_seo_noindex":false,"_jetpack_memberships_contains_paid_content":false,"footnotes":""},"categories":[33],"tags":[],"class_list":{"0":"post-4231","1":"post","2":"type-post","3":"status-publish","4":"format-standard","5":"has-post-thumbnail","7":"category-policia"},"jetpack_featured_media_url":"https:\/\/www.paranapraia.com.br\/wp-content\/uploads\/2019\/04\/bala.jpg","jetpack_sharing_enabled":true,"_links":{"self":[{"href":"https:\/\/www.paranapraia.com.br\/index.php\/wp-json\/wp\/v2\/posts\/4231"}],"collection":[{"href":"https:\/\/www.paranapraia.com.br\/index.php\/wp-json\/wp\/v2\/posts"}],"about":[{"href":"https:\/\/www.paranapraia.com.br\/index.php\/wp-json\/wp\/v2\/types\/post"}],"author":[{"embeddable":true,"href":"https:\/\/www.paranapraia.com.br\/index.php\/wp-json\/wp\/v2\/users\/2"}],"replies":[{"embeddable":true,"href":"https:\/\/www.paranapraia.com.br\/index.php\/wp-json\/wp\/v2\/comments?post=4231"}],"version-history":[{"count":1,"href":"https:\/\/www.paranapraia.com.br\/index.php\/wp-json\/wp\/v2\/posts\/4231\/revisions"}],"predecessor-version":[{"id":4233,"href":"https:\/\/www.paranapraia.com.br\/index.php\/wp-json\/wp\/v2\/posts\/4231\/revisions\/4233"}],"wp:featuredmedia":[{"embeddable":true,"href":"https:\/\/www.paranapraia.com.br\/index.php\/wp-json\/wp\/v2\/media\/4232"}],"wp:attachment":[{"href":"https:\/\/www.paranapraia.com.br\/index.php\/wp-json\/wp\/v2\/media?parent=4231"}],"wp:term":[{"taxonomy":"category","embeddable":true,"href":"https:\/\/www.paranapraia.com.br\/index.php\/wp-json\/wp\/v2\/categories?post=4231"},{"taxonomy":"post_tag","embeddable":true,"href":"https:\/\/www.paranapraia.com.br\/index.php\/wp-json\/wp\/v2\/tags?post=4231"}],"curies":[{"name":"wp","href":"https:\/\/api.w.org\/{rel}","templated":true}]}}