{"id":42301,"date":"2023-01-11T09:54:37","date_gmt":"2023-01-11T12:54:37","guid":{"rendered":"https:\/\/www.paranapraia.com.br\/?p=42301"},"modified":"2023-01-11T09:55:10","modified_gmt":"2023-01-11T12:55:10","slug":"policia-militar-apreende-mais-de-140-quilos-de-cocaina-em-paranagua","status":"publish","type":"post","link":"https:\/\/www.paranapraia.com.br\/index.php\/2023\/01\/11\/policia-militar-apreende-mais-de-140-quilos-de-cocaina-em-paranagua\/","title":{"rendered":"Pol\u00edcia Militar apreende mais de 140 quilos de coca\u00edna em Paranagu\u00e1"},"content":{"rendered":"\n<p>A Pol\u00edcia Militar do Paran\u00e1 (PMPR) apreendeu mais de 140 quilos de coca\u00edna e prendeu dois homens, de 20 e 35 anos, por tr\u00e1fico internacional de drogas, na noite desta ter\u00e7a-feira (10), em Paranagu\u00e1, no Litoral do Estado. A a\u00e7\u00e3o contou com apoio das unidades atuantes no Ver\u00e3o Maior Paran\u00e1.<\/p>\n\n\n\n<p>A apreens\u00e3o aconteceu ap\u00f3s a Ag\u00eancia Local de Intelig\u00eancia (ALI) do 9\u00ba Batalh\u00e3o da PMPR monitorar dois ve\u00edculos na regi\u00e3o de acesso ao p\u00e1tio de triagem do Porto de Paranagu\u00e1.Uma equipe da Patrulha Costeira foi acionada e conseguiu realizar a abordagem. <\/p>\n\n\n\n<p><div>Durante as buscas, os policiais localizaram a droga escondida em um fundo falso na carroceria de um caminh\u00e3o. Os entorpecentes estavam agrupados em quatro pacotes com aproximadamente 35 quilos cada, preparados para coloca\u00e7\u00e3o em navios.A droga foi localizada com a ajuda de um c\u00e3o farejador do canil do Batalh\u00e3o de Pol\u00edcia de Choque (BPCHOQUE).<\/div><\/p>\n\n\n\n<p>O tenente Vinicius Szlanda, comandante da opera\u00e7\u00e3o, conta que al\u00e9m da embalagem preparada para embarque, em um dos ve\u00edculos tamb\u00e9m foi encontrado um lacre de cont\u00eainer e um bilhete de acesso ao Porto de Paranagu\u00e1.<\/p>\n\n\n\n<p>\u201cEles tentariam embarcar essa droga em algum navio que iria para o Exterior, rompendo o lacre de um cont\u00eainer ou i\u00e7ando a droga quando o navio j\u00e1 estivesse fora do porto\u201d, frisou. <\/p>\n\n\n\n<p>Os dois presos, a droga e os ve\u00edculos apreendidos foram encaminhados para a Delegacia da Pol\u00edcia Federal em Paranagu\u00e1, que ficar\u00e1 respons\u00e1vel pela investiga\u00e7\u00e3o.<\/p>\n\n\n\n<p>VER\u00c3O MAIOR PARAN\u00c1 \u2013 O Ver\u00e3o Maior Paran\u00e1 tem a\u00e7\u00f5es voltadas aos veranistas e comunidade local, com atividades esportivas e de lazer, aulas de gin\u00e1stica, dan\u00e7a, caminhadas, recrea\u00e7\u00e3o infantil, torneios e eventos esportivos, al\u00e9m de uma s\u00e9rie de outras pr\u00e1ticas relacionadas ao entretenimento. No site verao.pr.gov.br \u00e9 poss\u00edvel conferir a programa\u00e7\u00e3o completa das atra\u00e7\u00f5es promovidas pelo Governo do Estado. As a\u00e7\u00f5es acontecem nos munic\u00edpios do Litoral, al\u00e9m de Porto Rico e S\u00e3o Pedro do Paran\u00e1, no Noroeste do Paran\u00e1.<\/p>\n\n\n\n<p>AEN<\/p>\n\n\n\n<p><\/p>\n","protected":false},"excerpt":{"rendered":"<p>A Pol\u00edcia Militar do Paran\u00e1 (PMPR) apreendeu mais de 140 quilos de coca\u00edna e prendeu dois homens, de 20 e 35 anos, por tr\u00e1fico internacional de drogas, na noite desta ter\u00e7a-feira (10), em Paranagu\u00e1, no Litoral do Estado. A a\u00e7\u00e3o contou com apoio das unidades atuantes no Ver\u00e3o Maior Paran\u00e1. A apreens\u00e3o aconteceu ap\u00f3s a [&hellip;]<\/p>\n","protected":false},"author":2,"featured_media":42302,"comment_status":"open","ping_status":"open","sticky":false,"template":"","format":"standard","meta":{"advanced_seo_description":"","jetpack_seo_html_title":"","jetpack_seo_noindex":false,"_jetpack_memberships_contains_paid_content":false,"footnotes":""},"categories":[40],"tags":[],"class_list":{"0":"post-42301","1":"post","2":"type-post","3":"status-publish","4":"format-standard","5":"has-post-thumbnail","7":"category-destaques"},"jetpack_featured_media_url":"https:\/\/www.paranapraia.com.br\/wp-content\/uploads\/2023\/01\/whatsapp_image_2023-01-11_at_07.38.351.jpg","jetpack_sharing_enabled":true,"_links":{"self":[{"href":"https:\/\/www.paranapraia.com.br\/index.php\/wp-json\/wp\/v2\/posts\/42301"}],"collection":[{"href":"https:\/\/www.paranapraia.com.br\/index.php\/wp-json\/wp\/v2\/posts"}],"about":[{"href":"https:\/\/www.paranapraia.com.br\/index.php\/wp-json\/wp\/v2\/types\/post"}],"author":[{"embeddable":true,"href":"https:\/\/www.paranapraia.com.br\/index.php\/wp-json\/wp\/v2\/users\/2"}],"replies":[{"embeddable":true,"href":"https:\/\/www.paranapraia.com.br\/index.php\/wp-json\/wp\/v2\/comments?post=42301"}],"version-history":[{"count":1,"href":"https:\/\/www.paranapraia.com.br\/index.php\/wp-json\/wp\/v2\/posts\/42301\/revisions"}],"predecessor-version":[{"id":42303,"href":"https:\/\/www.paranapraia.com.br\/index.php\/wp-json\/wp\/v2\/posts\/42301\/revisions\/42303"}],"wp:featuredmedia":[{"embeddable":true,"href":"https:\/\/www.paranapraia.com.br\/index.php\/wp-json\/wp\/v2\/media\/42302"}],"wp:attachment":[{"href":"https:\/\/www.paranapraia.com.br\/index.php\/wp-json\/wp\/v2\/media?parent=42301"}],"wp:term":[{"taxonomy":"category","embeddable":true,"href":"https:\/\/www.paranapraia.com.br\/index.php\/wp-json\/wp\/v2\/categories?post=42301"},{"taxonomy":"post_tag","embeddable":true,"href":"https:\/\/www.paranapraia.com.br\/index.php\/wp-json\/wp\/v2\/tags?post=42301"}],"curies":[{"name":"wp","href":"https:\/\/api.w.org\/{rel}","templated":true}]}}